{"id":280,"date":"2024-10-04T11:13:15","date_gmt":"2024-10-04T11:13:15","guid":{"rendered":"https:\/\/incoimbra.pt\/?p=280"},"modified":"2024-10-04T11:23:05","modified_gmt":"2024-10-04T11:23:05","slug":"embaixador-do-mexico-visita-a-incoimbra-startup-hub","status":"publish","type":"post","link":"https:\/\/incoimbra.pt\/en\/embaixador-do-mexico-visita-a-incoimbra-startup-hub\/","title":{"rendered":"EMBAIXADOR DO M\u00c9XICO VISITA A INCOIMBRA-STARTUP HUB"},"content":{"rendered":"<blockquote class=\"wp-block-quote is-layout-flow wp-block-quote-is-layout-flow\">\n<p>A inCoimbra - StartUp HUB tem o privil\u00e9gio de anunciar a ilustre visita do Embaixador do M\u00e9xico em Portugal, Senhor Bruno Figueroa, \u00e0 sua sede em Coimbra, esta semana. Durante a sua visita, o Embaixador teve a oportunidade de conhecer em primeira m\u00e3o o projeto inovador da incubadora e aceleradora de base tecnol\u00f3gica, que se instalou na cidade j\u00e1 no decorrer do presente m\u00eas de mar\u00e7o, assim como algumas das empresas ali incubadas.<\/p>\n\n\n\n<p>A inCoimbra - StartUp HUB \u00e9 uma incubadora que integra a <a href=\"https:\/\/startupportugal.com\/pt\/bem-vindo-a-rni-portugal-incubators\/\">Rede Nacional de Incubadoras<\/a> e \u00e9 acreditada para o <a href=\"https:\/\/www.iapmei.pt\/Paginas\/StartUP-Visa-pt.aspx\">Programa Startup Visa pelo IAPMEI<\/a>. De capitais exclusivamente privados, a inCoimbra \u00e9 um projeto global com uma vis\u00e3o ambiciosa de impulsionar o empreendedorismo e a inova\u00e7\u00e3o tecnol\u00f3gica em diversas regi\u00f5es do mundo. Al\u00e9m da sua presen\u00e7a em Coimbra, est\u00e3o previstas, para os pr\u00f3ximos meses, aberturas de incubadoras nas cidades da Praia, em Cabo Verde, e em Aguascalientes e Puebla, no M\u00e9xico.<\/p>\n\n\n\n<figure class=\"wp-block-image size-large\"><img loading=\"lazy\" decoding=\"async\" width=\"1024\" height=\"768\" src=\"https:\/\/incoimbra.pt\/wp-content\/uploads\/2024\/10\/Coimbra-3-1024x768.jpg\" alt=\"\" class=\"wp-image-281\" srcset=\"https:\/\/incoimbra.pt\/wp-content\/uploads\/2024\/10\/Coimbra-3-1024x768.jpg 1024w, https:\/\/incoimbra.pt\/wp-content\/uploads\/2024\/10\/Coimbra-3-300x225.jpg 300w, https:\/\/incoimbra.pt\/wp-content\/uploads\/2024\/10\/Coimbra-3-768x576.jpg 768w, https:\/\/incoimbra.pt\/wp-content\/uploads\/2024\/10\/Coimbra-3.jpg 1600w\" sizes=\"auto, (max-width: 1024px) 100vw, 1024px\" \/><\/figure>\n\n\n\n<p>Atualmente, a inCoimbra - StartUp HUB acolhe 8 empresas incubadas em diferentes est\u00e1gios de desenvolvimento, demonstrando o seu compromisso em apoiar o crescimento e a consolida\u00e7\u00e3o de startups com elevado potencial. As suas infraestruturas incluem salas dedicadas para startups e espa\u00e7os de coworking, proporcionando um ambiente prop\u00edcio para a inova\u00e7\u00e3o e a colabora\u00e7\u00e3o entre empreendedores.<\/p>\n\n\n\n<p>A visita do Embaixador do M\u00e9xico \u00e0 inCoimbra - StartUp HUB destaca o reconhecimento internacional do papel crucial desempenhado pela incubadora na promo\u00e7\u00e3o do empreendedorismo e na constru\u00e7\u00e3o de pontes entre Portugal e o M\u00e9xico. A inCoimbra est\u00e1 empenhada em continuar a impulsionar o ecossistema de inova\u00e7\u00e3o em Coimbra e al\u00e9m-fronteiras, promovendo o crescimento econ\u00f3mico e a cria\u00e7\u00e3o de oportunidades para empreendedores de todo o mundo. De acordo com o diretor da incubadora, Rui Nuno Castro, \u201ceste momento que vivemos e o surgimento de players como a inCoimbra \u2013 StartUp HUB, uma incubadora de base tecnol\u00f3gica, s\u00e3o sinais positivos de amadurecimento do ecossistema de inova\u00e7\u00e3o e empreendedorismo da regi\u00e3o de Coimbra\u201d.<\/p>\n<\/blockquote>","protected":false},"excerpt":{"rendered":"","protected":false},"author":2,"featured_media":281,"comment_status":"closed","ping_status":"closed","sticky":false,"template":"","format":"standard","meta":{"_acf_changed":false,"footnotes":""},"categories":[3],"tags":[],"class_list":["post-280","post","type-post","status-publish","format-standard","has-post-thumbnail","hentry","category-noticias"],"acf":[],"yoast_head":"<!-- This site is optimized with the Yoast SEO plugin v27.5 - https:\/\/yoast.com\/product\/yoast-seo-wordpress\/ -->\n<title>EMBAIXADOR DO M\u00c9XICO VISITA A INCOIMBRA-STARTUP HUB - inCoimbra Startup Hub<\/title>\n<meta name=\"robots\" content=\"index, follow, max-snippet:-1, max-image-preview:large, max-video-preview:-1\" \/>\n<link rel=\"canonical\" href=\"https:\/\/incoimbra.pt\/en\/embaixador-do-mexico-visita-a-incoimbra-startup-hub\/\" \/>\n<meta property=\"og:locale\" content=\"en_US\" \/>\n<meta property=\"og:type\" content=\"article\" \/>\n<meta property=\"og:title\" content=\"EMBAIXADOR DO M\u00c9XICO VISITA A INCOIMBRA-STARTUP HUB - inCoimbra Startup Hub\" \/>\n<meta property=\"og:url\" content=\"https:\/\/incoimbra.pt\/en\/embaixador-do-mexico-visita-a-incoimbra-startup-hub\/\" \/>\n<meta property=\"og:site_name\" content=\"inCoimbra Startup Hub\" \/>\n<meta property=\"article:published_time\" content=\"2024-10-04T11:13:15+00:00\" \/>\n<meta property=\"article:modified_time\" content=\"2024-10-04T11:23:05+00:00\" \/>\n<meta property=\"og:image\" content=\"https:\/\/incoimbra.pt\/wp-content\/uploads\/2024\/10\/Coimbra-3.jpg\" \/>\n\t<meta property=\"og:image:width\" content=\"1600\" \/>\n\t<meta property=\"og:image:height\" content=\"1200\" \/>\n\t<meta property=\"og:image:type\" content=\"image\/jpeg\" \/>\n<meta name=\"author\" content=\"Rui Castro\" \/>\n<meta name=\"twitter:card\" content=\"summary_large_image\" \/>\n<meta name=\"twitter:label1\" content=\"Written by\" \/>\n\t<meta name=\"twitter:data1\" content=\"Rui Castro\" \/>\n<script type=\"application\/ld+json\" class=\"yoast-schema-graph\">{\"@context\":\"https:\\\/\\\/schema.org\",\"@graph\":[{\"@type\":\"Article\",\"@id\":\"https:\\\/\\\/incoimbra.pt\\\/embaixador-do-mexico-visita-a-incoimbra-startup-hub\\\/#article\",\"isPartOf\":{\"@id\":\"https:\\\/\\\/incoimbra.pt\\\/embaixador-do-mexico-visita-a-incoimbra-startup-hub\\\/\"},\"author\":{\"name\":\"Rui Castro\",\"@id\":\"https:\\\/\\\/incoimbra.pt\\\/#\\\/schema\\\/person\\\/ab5b5c60e93885d49c6daa45c7a4cd1d\"},\"headline\":\"EMBAIXADOR DO M\u00c9XICO VISITA A INCOIMBRA-STARTUP HUB\",\"datePublished\":\"2024-10-04T11:13:15+00:00\",\"dateModified\":\"2024-10-04T11:23:05+00:00\",\"mainEntityOfPage\":{\"@id\":\"https:\\\/\\\/incoimbra.pt\\\/embaixador-do-mexico-visita-a-incoimbra-startup-hub\\\/\"},\"wordCount\":354,\"publisher\":{\"@id\":\"https:\\\/\\\/incoimbra.pt\\\/#organization\"},\"image\":{\"@id\":\"https:\\\/\\\/incoimbra.pt\\\/embaixador-do-mexico-visita-a-incoimbra-startup-hub\\\/#primaryimage\"},\"thumbnailUrl\":\"https:\\\/\\\/incoimbra.pt\\\/wp-content\\\/uploads\\\/2024\\\/10\\\/Coimbra-3.jpg\",\"articleSection\":[\"Not\u00edcias\"],\"inLanguage\":\"en-US\"},{\"@type\":\"WebPage\",\"@id\":\"https:\\\/\\\/incoimbra.pt\\\/embaixador-do-mexico-visita-a-incoimbra-startup-hub\\\/\",\"url\":\"https:\\\/\\\/incoimbra.pt\\\/embaixador-do-mexico-visita-a-incoimbra-startup-hub\\\/\",\"name\":\"EMBAIXADOR DO M\u00c9XICO VISITA A INCOIMBRA-STARTUP HUB - inCoimbra Startup Hub\",\"isPartOf\":{\"@id\":\"https:\\\/\\\/incoimbra.pt\\\/#website\"},\"primaryImageOfPage\":{\"@id\":\"https:\\\/\\\/incoimbra.pt\\\/embaixador-do-mexico-visita-a-incoimbra-startup-hub\\\/#primaryimage\"},\"image\":{\"@id\":\"https:\\\/\\\/incoimbra.pt\\\/embaixador-do-mexico-visita-a-incoimbra-startup-hub\\\/#primaryimage\"},\"thumbnailUrl\":\"https:\\\/\\\/incoimbra.pt\\\/wp-content\\\/uploads\\\/2024\\\/10\\\/Coimbra-3.jpg\",\"datePublished\":\"2024-10-04T11:13:15+00:00\",\"dateModified\":\"2024-10-04T11:23:05+00:00\",\"breadcrumb\":{\"@id\":\"https:\\\/\\\/incoimbra.pt\\\/embaixador-do-mexico-visita-a-incoimbra-startup-hub\\\/#breadcrumb\"},\"inLanguage\":\"en-US\",\"potentialAction\":[{\"@type\":\"ReadAction\",\"target\":[\"https:\\\/\\\/incoimbra.pt\\\/embaixador-do-mexico-visita-a-incoimbra-startup-hub\\\/\"]}]},{\"@type\":\"ImageObject\",\"inLanguage\":\"en-US\",\"@id\":\"https:\\\/\\\/incoimbra.pt\\\/embaixador-do-mexico-visita-a-incoimbra-startup-hub\\\/#primaryimage\",\"url\":\"https:\\\/\\\/incoimbra.pt\\\/wp-content\\\/uploads\\\/2024\\\/10\\\/Coimbra-3.jpg\",\"contentUrl\":\"https:\\\/\\\/incoimbra.pt\\\/wp-content\\\/uploads\\\/2024\\\/10\\\/Coimbra-3.jpg\",\"width\":1600,\"height\":1200,\"caption\":\"Reuni\u00e3o institucional do Embaixador do M\u00e9xico na inCoimbra Startup Hub\"},{\"@type\":\"BreadcrumbList\",\"@id\":\"https:\\\/\\\/incoimbra.pt\\\/embaixador-do-mexico-visita-a-incoimbra-startup-hub\\\/#breadcrumb\",\"itemListElement\":[{\"@type\":\"ListItem\",\"position\":1,\"name\":\"In\u00edcio\",\"item\":\"https:\\\/\\\/incoimbra.pt\\\/\"},{\"@type\":\"ListItem\",\"position\":2,\"name\":\"EMBAIXADOR DO M\u00c9XICO VISITA A INCOIMBRA-STARTUP HUB\"}]},{\"@type\":\"WebSite\",\"@id\":\"https:\\\/\\\/incoimbra.pt\\\/#website\",\"url\":\"https:\\\/\\\/incoimbra.pt\\\/\",\"name\":\"inCoimbra\",\"description\":\"Incubadora | Aceleradora | Cowork | Coworking | Coimbra\",\"publisher\":{\"@id\":\"https:\\\/\\\/incoimbra.pt\\\/#organization\"},\"potentialAction\":[{\"@type\":\"SearchAction\",\"target\":{\"@type\":\"EntryPoint\",\"urlTemplate\":\"https:\\\/\\\/incoimbra.pt\\\/?s={search_term_string}\"},\"query-input\":{\"@type\":\"PropertyValueSpecification\",\"valueRequired\":true,\"valueName\":\"search_term_string\"}}],\"inLanguage\":\"en-US\"},{\"@type\":\"Organization\",\"@id\":\"https:\\\/\\\/incoimbra.pt\\\/#organization\",\"name\":\"inCoimbra\",\"url\":\"https:\\\/\\\/incoimbra.pt\\\/\",\"logo\":{\"@type\":\"ImageObject\",\"inLanguage\":\"en-US\",\"@id\":\"https:\\\/\\\/incoimbra.pt\\\/#\\\/schema\\\/logo\\\/image\\\/\",\"url\":\"https:\\\/\\\/incoimbra.pt\\\/wp-content\\\/uploads\\\/2024\\\/01\\\/logo-vert.png\",\"contentUrl\":\"https:\\\/\\\/incoimbra.pt\\\/wp-content\\\/uploads\\\/2024\\\/01\\\/logo-vert.png\",\"width\":345,\"height\":250,\"caption\":\"inCoimbra\"},\"image\":{\"@id\":\"https:\\\/\\\/incoimbra.pt\\\/#\\\/schema\\\/logo\\\/image\\\/\"},\"sameAs\":[\"https:\\\/\\\/www.linkedin.com\\\/company\\\/incoimbra\\\/about\\\/\"]},{\"@type\":\"Person\",\"@id\":\"https:\\\/\\\/incoimbra.pt\\\/#\\\/schema\\\/person\\\/ab5b5c60e93885d49c6daa45c7a4cd1d\",\"name\":\"Rui Castro\",\"url\":\"https:\\\/\\\/incoimbra.pt\\\/en\\\/author\\\/inruicastro\\\/\"}]}<\/script>\n<!-- \/ Yoast SEO plugin. -->","yoast_head_json":{"title":"EMBAIXADOR DO M\u00c9XICO VISITA A INCOIMBRA-STARTUP HUB - inCoimbra Startup Hub","robots":{"index":"index","follow":"follow","max-snippet":"max-snippet:-1","max-image-preview":"max-image-preview:large","max-video-preview":"max-video-preview:-1"},"canonical":"https:\/\/incoimbra.pt\/en\/embaixador-do-mexico-visita-a-incoimbra-startup-hub\/","og_locale":"en_US","og_type":"article","og_title":"EMBAIXADOR DO M\u00c9XICO VISITA A INCOIMBRA-STARTUP HUB - inCoimbra Startup Hub","og_url":"https:\/\/incoimbra.pt\/en\/embaixador-do-mexico-visita-a-incoimbra-startup-hub\/","og_site_name":"inCoimbra Startup Hub","article_published_time":"2024-10-04T11:13:15+00:00","article_modified_time":"2024-10-04T11:23:05+00:00","og_image":[{"width":1600,"height":1200,"url":"https:\/\/incoimbra.pt\/wp-content\/uploads\/2024\/10\/Coimbra-3.jpg","type":"image\/jpeg"}],"author":"Rui Castro","twitter_card":"summary_large_image","twitter_misc":{"Written by":"Rui Castro"},"schema":{"@context":"https:\/\/schema.org","@graph":[{"@type":"Article","@id":"https:\/\/incoimbra.pt\/embaixador-do-mexico-visita-a-incoimbra-startup-hub\/#article","isPartOf":{"@id":"https:\/\/incoimbra.pt\/embaixador-do-mexico-visita-a-incoimbra-startup-hub\/"},"author":{"name":"Rui Castro","@id":"https:\/\/incoimbra.pt\/#\/schema\/person\/ab5b5c60e93885d49c6daa45c7a4cd1d"},"headline":"EMBAIXADOR DO M\u00c9XICO VISITA A INCOIMBRA-STARTUP HUB","datePublished":"2024-10-04T11:13:15+00:00","dateModified":"2024-10-04T11:23:05+00:00","mainEntityOfPage":{"@id":"https:\/\/incoimbra.pt\/embaixador-do-mexico-visita-a-incoimbra-startup-hub\/"},"wordCount":354,"publisher":{"@id":"https:\/\/incoimbra.pt\/#organization"},"image":{"@id":"https:\/\/incoimbra.pt\/embaixador-do-mexico-visita-a-incoimbra-startup-hub\/#primaryimage"},"thumbnailUrl":"https:\/\/incoimbra.pt\/wp-content\/uploads\/2024\/10\/Coimbra-3.jpg","articleSection":["Not\u00edcias"],"inLanguage":"en-US"},{"@type":"WebPage","@id":"https:\/\/incoimbra.pt\/embaixador-do-mexico-visita-a-incoimbra-startup-hub\/","url":"https:\/\/incoimbra.pt\/embaixador-do-mexico-visita-a-incoimbra-startup-hub\/","name":"EMBAIXADOR DO M\u00c9XICO VISITA A INCOIMBRA-STARTUP HUB - inCoimbra Startup Hub","isPartOf":{"@id":"https:\/\/incoimbra.pt\/#website"},"primaryImageOfPage":{"@id":"https:\/\/incoimbra.pt\/embaixador-do-mexico-visita-a-incoimbra-startup-hub\/#primaryimage"},"image":{"@id":"https:\/\/incoimbra.pt\/embaixador-do-mexico-visita-a-incoimbra-startup-hub\/#primaryimage"},"thumbnailUrl":"https:\/\/incoimbra.pt\/wp-content\/uploads\/2024\/10\/Coimbra-3.jpg","datePublished":"2024-10-04T11:13:15+00:00","dateModified":"2024-10-04T11:23:05+00:00","breadcrumb":{"@id":"https:\/\/incoimbra.pt\/embaixador-do-mexico-visita-a-incoimbra-startup-hub\/#breadcrumb"},"inLanguage":"en-US","potentialAction":[{"@type":"ReadAction","target":["https:\/\/incoimbra.pt\/embaixador-do-mexico-visita-a-incoimbra-startup-hub\/"]}]},{"@type":"ImageObject","inLanguage":"en-US","@id":"https:\/\/incoimbra.pt\/embaixador-do-mexico-visita-a-incoimbra-startup-hub\/#primaryimage","url":"https:\/\/incoimbra.pt\/wp-content\/uploads\/2024\/10\/Coimbra-3.jpg","contentUrl":"https:\/\/incoimbra.pt\/wp-content\/uploads\/2024\/10\/Coimbra-3.jpg","width":1600,"height":1200,"caption":"Reuni\u00e3o institucional do Embaixador do M\u00e9xico na inCoimbra Startup Hub"},{"@type":"BreadcrumbList","@id":"https:\/\/incoimbra.pt\/embaixador-do-mexico-visita-a-incoimbra-startup-hub\/#breadcrumb","itemListElement":[{"@type":"ListItem","position":1,"name":"In\u00edcio","item":"https:\/\/incoimbra.pt\/"},{"@type":"ListItem","position":2,"name":"EMBAIXADOR DO M\u00c9XICO VISITA A INCOIMBRA-STARTUP HUB"}]},{"@type":"WebSite","@id":"https:\/\/incoimbra.pt\/#website","url":"https:\/\/incoimbra.pt\/","name":"inCoimbra","description":"Incubadora | Aceleradora | Cowork | Coworking | Coimbra","publisher":{"@id":"https:\/\/incoimbra.pt\/#organization"},"potentialAction":[{"@type":"SearchAction","target":{"@type":"EntryPoint","urlTemplate":"https:\/\/incoimbra.pt\/?s={search_term_string}"},"query-input":{"@type":"PropertyValueSpecification","valueRequired":true,"valueName":"search_term_string"}}],"inLanguage":"en-US"},{"@type":"Organization","@id":"https:\/\/incoimbra.pt\/#organization","name":"inCoimbra","url":"https:\/\/incoimbra.pt\/","logo":{"@type":"ImageObject","inLanguage":"en-US","@id":"https:\/\/incoimbra.pt\/#\/schema\/logo\/image\/","url":"https:\/\/incoimbra.pt\/wp-content\/uploads\/2024\/01\/logo-vert.png","contentUrl":"https:\/\/incoimbra.pt\/wp-content\/uploads\/2024\/01\/logo-vert.png","width":345,"height":250,"caption":"inCoimbra"},"image":{"@id":"https:\/\/incoimbra.pt\/#\/schema\/logo\/image\/"},"sameAs":["https:\/\/www.linkedin.com\/company\/incoimbra\/about\/"]},{"@type":"Person","@id":"https:\/\/incoimbra.pt\/#\/schema\/person\/ab5b5c60e93885d49c6daa45c7a4cd1d","name":"Rui Castro","url":"https:\/\/incoimbra.pt\/en\/author\/inruicastro\/"}]}},"_links":{"self":[{"href":"https:\/\/incoimbra.pt\/en\/wp-json\/wp\/v2\/posts\/280","targetHints":{"allow":["GET"]}}],"collection":[{"href":"https:\/\/incoimbra.pt\/en\/wp-json\/wp\/v2\/posts"}],"about":[{"href":"https:\/\/incoimbra.pt\/en\/wp-json\/wp\/v2\/types\/post"}],"author":[{"embeddable":true,"href":"https:\/\/incoimbra.pt\/en\/wp-json\/wp\/v2\/users\/2"}],"replies":[{"embeddable":true,"href":"https:\/\/incoimbra.pt\/en\/wp-json\/wp\/v2\/comments?post=280"}],"version-history":[{"count":4,"href":"https:\/\/incoimbra.pt\/en\/wp-json\/wp\/v2\/posts\/280\/revisions"}],"predecessor-version":[{"id":291,"href":"https:\/\/incoimbra.pt\/en\/wp-json\/wp\/v2\/posts\/280\/revisions\/291"}],"wp:featuredmedia":[{"embeddable":true,"href":"https:\/\/incoimbra.pt\/en\/wp-json\/wp\/v2\/media\/281"}],"wp:attachment":[{"href":"https:\/\/incoimbra.pt\/en\/wp-json\/wp\/v2\/media?parent=280"}],"wp:term":[{"taxonomy":"category","embeddable":true,"href":"https:\/\/incoimbra.pt\/en\/wp-json\/wp\/v2\/categories?post=280"},{"taxonomy":"post_tag","embeddable":true,"href":"https:\/\/incoimbra.pt\/en\/wp-json\/wp\/v2\/tags?post=280"}],"curies":[{"name":"wp","href":"https:\/\/api.w.org\/{rel}","templated":true}]}}