{"id":296,"date":"2024-10-04T15:48:23","date_gmt":"2024-10-04T15:48:23","guid":{"rendered":"https:\/\/incoimbra.pt\/?p=296"},"modified":"2024-10-04T15:49:24","modified_gmt":"2024-10-04T15:49:24","slug":"incoimbra-startup-hub-estabelece-parceria-estrategica-com-o-tech-park-de-cabo-verde","status":"publish","type":"post","link":"https:\/\/incoimbra.pt\/en\/incoimbra-startup-hub-estabelece-parceria-estrategica-com-o-tech-park-de-cabo-verde\/","title":{"rendered":"inCoimbra - StartUp HUB estabelece parceria estrat\u00e9gica com o Tech Park de Cabo Verde"},"content":{"rendered":"<p>A inCoimbra - StartUp HUB marcou presen\u00e7a na 1\u00aa Cimeira de Investimento e Financiamento Jovem na Cidade da Praia, Cabo Verde, representada pelo seu Diretor, Rui Nuno Castro. O evento, promovido pelo Governo de Cabo Verde, reuniu representantes de diversos ecossistemas de inova\u00e7\u00e3o com o objetivo de impulsionar o empreendedorismo jovem no pa\u00eds.<\/p>\n\n\n\n<p>A participa\u00e7\u00e3o da inCoimbra na cimeira permitiu o estreitamento de rela\u00e7\u00f5es com a Cabo Verde Digital e com o Tech Park de Cabo Verde, uma nova infraestrutura tecnol\u00f3gica que representa um investimento de mais de 45 milh\u00f5es de euros, financiada pelo Banco Africano de Desenvolvimento.<\/p>\n\n\n\n<iframe loading=\"lazy\" src=\"https:\/\/www.facebook.com\/plugins\/video.php?height=314&href=https%3A%2F%2Fwww.facebook.com%2FVicePMeMFOficial%2Fvideos%2F970618497967823%2F&show_text=false&width=560&t=0\" width=\"560\" height=\"314\" style=\"border:none;overflow:hidden\" scrolling=\"no\" frameborder=\"0\" allowfullscreen=\"true\" allow=\"autoplay; clipboard-write; encrypted-media; picture-in-picture; web-share\"><\/iframe>\n\n\n\n<blockquote class=\"wp-block-quote is-layout-flow wp-block-quote-is-layout-flow\">\n<p><strong>Protocolo de coopera\u00e7\u00e3o abrangente em prepara\u00e7\u00e3o<\/strong><\/p>\n<\/blockquote>\n\n\n\n<p>Fruto desta visita, a inCoimbra - StartUp HUB e o Tech Park de Cabo Verde est\u00e3o a preparar um protocolo de coopera\u00e7\u00e3o abrangente, com o intuito de promover a troca de conhecimentos e experi\u00eancias, a cria\u00e7\u00e3o de oportunidades de neg\u00f3cio, a internacionaliza\u00e7\u00e3o de startups e o desenvolvimento de projetos conjuntos.<\/p>\n\n\n\n<p>\"Esta parceria estrat\u00e9gica com o Tech Park de Cabo Verde \u00e9 um passo fundamental para a inCoimbra - StartUp HUB\", afirma Rui Nuno Castro, Diretor da inCoimbra. \"Acreditamos que esta colabora\u00e7\u00e3o ir\u00e1 gerar um impacto significativo no desenvolvimento dos ecossistemas de inova\u00e7\u00e3o de ambos os pa\u00edses, abrindo portas a novas oportunidades para startups e empresas portuguesas e cabo-verdianas.\"<\/p>\n\n\n\n<p>A colabora\u00e7\u00e3o entre as duas entidades prev\u00ea ainda a realiza\u00e7\u00e3o de programas de interc\u00e2mbio e soft-landing, que facilitar\u00e3o a expans\u00e3o de startups portuguesas para Cabo Verde e vice-versa.<\/p>\n\n\n\n<p><strong>Visita ao Tech Park de Cabo Verde<\/strong><\/p>\n\n\n\n<p>Durante a sua estadia em Cabo Verde, a comitiva da inCoimbra - StartUp HUB teve a oportunidade de visitar o Tech Park, uma infraestrutura moderna que visa impulsionar a economia digital do pa\u00eds. O Tech Park oferece um conjunto de servi\u00e7os e recursos para startups e empresas, incluindo espa\u00e7os de coworking, laborat\u00f3rios de inova\u00e7\u00e3o, programas de acelera\u00e7\u00e3o e mentoria.<\/p>\n\n\n\n<p>A inCoimbra - StartUp HUB refor\u00e7a assim o seu compromisso com a internacionaliza\u00e7\u00e3o e com o desenvolvimento de parcerias estrat\u00e9gicas que promovam a inova\u00e7\u00e3o e o empreendedorismo.<\/p>","protected":false},"excerpt":{"rendered":"<p>A inCoimbra - StartUp HUB marcou presen\u00e7a na 1\u00aa Cimeira de Investimento e Financiamento Jovem na Cidade da Praia, Cabo Verde, representada pelo seu Diretor, Rui Nuno Castro. O evento, promovido pelo Governo de Cabo Verde, reuniu representantes de diversos ecossistemas de inova\u00e7\u00e3o com o objetivo de impulsionar o empreendedorismo jovem no pa\u00eds. A participa\u00e7\u00e3o [&hellip;]<\/p>\n","protected":false},"author":2,"featured_media":297,"comment_status":"closed","ping_status":"closed","sticky":false,"template":"","format":"standard","meta":{"_acf_changed":false,"footnotes":""},"categories":[3],"tags":[],"class_list":["post-296","post","type-post","status-publish","format-standard","has-post-thumbnail","hentry","category-noticias"],"acf":[],"yoast_head":"<!-- This site is optimized with the Yoast SEO plugin v27.5 - https:\/\/yoast.com\/product\/yoast-seo-wordpress\/ -->\n<title>inCoimbra - StartUp HUB estabelece parceria estrat\u00e9gica com o Tech Park de Cabo Verde - inCoimbra Startup Hub<\/title>\n<meta name=\"robots\" content=\"index, follow, max-snippet:-1, max-image-preview:large, max-video-preview:-1\" \/>\n<link rel=\"canonical\" href=\"https:\/\/incoimbra.pt\/en\/incoimbra-startup-hub-estabelece-parceria-estrategica-com-o-tech-park-de-cabo-verde\/\" \/>\n<meta property=\"og:locale\" content=\"en_US\" \/>\n<meta property=\"og:type\" content=\"article\" \/>\n<meta property=\"og:title\" content=\"inCoimbra - StartUp HUB estabelece parceria estrat\u00e9gica com o Tech Park de Cabo Verde - inCoimbra Startup Hub\" \/>\n<meta property=\"og:description\" content=\"A inCoimbra - StartUp HUB marcou presen\u00e7a na 1\u00aa Cimeira de Investimento e Financiamento Jovem na Cidade da Praia, Cabo Verde, representada pelo seu Diretor, Rui Nuno Castro. O evento, promovido pelo Governo de Cabo Verde, reuniu representantes de diversos ecossistemas de inova\u00e7\u00e3o com o objetivo de impulsionar o empreendedorismo jovem no pa\u00eds. A participa\u00e7\u00e3o [&hellip;]\" \/>\n<meta property=\"og:url\" content=\"https:\/\/incoimbra.pt\/en\/incoimbra-startup-hub-estabelece-parceria-estrategica-com-o-tech-park-de-cabo-verde\/\" \/>\n<meta property=\"og:site_name\" content=\"inCoimbra Startup Hub\" \/>\n<meta property=\"article:published_time\" content=\"2024-10-04T15:48:23+00:00\" \/>\n<meta property=\"article:modified_time\" content=\"2024-10-04T15:49:24+00:00\" \/>\n<meta property=\"og:image\" content=\"https:\/\/incoimbra.pt\/wp-content\/uploads\/2024\/10\/432009372_8157731770910767_7581417194091248478_n.jpg\" \/>\n\t<meta property=\"og:image:width\" content=\"852\" \/>\n\t<meta property=\"og:image:height\" content=\"852\" \/>\n\t<meta property=\"og:image:type\" content=\"image\/jpeg\" \/>\n<meta name=\"author\" content=\"Rui Castro\" \/>\n<meta name=\"twitter:card\" content=\"summary_large_image\" \/>\n<meta name=\"twitter:label1\" content=\"Written by\" \/>\n\t<meta name=\"twitter:data1\" content=\"Rui Castro\" \/>\n\t<meta name=\"twitter:label2\" content=\"Est. reading time\" \/>\n\t<meta name=\"twitter:data2\" content=\"2 minutes\" \/>\n<script type=\"application\/ld+json\" class=\"yoast-schema-graph\">{\"@context\":\"https:\\\/\\\/schema.org\",\"@graph\":[{\"@type\":\"Article\",\"@id\":\"https:\\\/\\\/incoimbra.pt\\\/incoimbra-startup-hub-estabelece-parceria-estrategica-com-o-tech-park-de-cabo-verde\\\/#article\",\"isPartOf\":{\"@id\":\"https:\\\/\\\/incoimbra.pt\\\/incoimbra-startup-hub-estabelece-parceria-estrategica-com-o-tech-park-de-cabo-verde\\\/\"},\"author\":{\"name\":\"Rui Castro\",\"@id\":\"https:\\\/\\\/incoimbra.pt\\\/#\\\/schema\\\/person\\\/ab5b5c60e93885d49c6daa45c7a4cd1d\"},\"headline\":\"inCoimbra - StartUp HUB estabelece parceria estrat\u00e9gica com o Tech Park de Cabo Verde\",\"datePublished\":\"2024-10-04T15:48:23+00:00\",\"dateModified\":\"2024-10-04T15:49:24+00:00\",\"mainEntityOfPage\":{\"@id\":\"https:\\\/\\\/incoimbra.pt\\\/incoimbra-startup-hub-estabelece-parceria-estrategica-com-o-tech-park-de-cabo-verde\\\/\"},\"wordCount\":379,\"publisher\":{\"@id\":\"https:\\\/\\\/incoimbra.pt\\\/#organization\"},\"image\":{\"@id\":\"https:\\\/\\\/incoimbra.pt\\\/incoimbra-startup-hub-estabelece-parceria-estrategica-com-o-tech-park-de-cabo-verde\\\/#primaryimage\"},\"thumbnailUrl\":\"https:\\\/\\\/incoimbra.pt\\\/wp-content\\\/uploads\\\/2024\\\/10\\\/432009372_8157731770910767_7581417194091248478_n.jpg\",\"articleSection\":[\"Not\u00edcias\"],\"inLanguage\":\"en-US\"},{\"@type\":\"WebPage\",\"@id\":\"https:\\\/\\\/incoimbra.pt\\\/incoimbra-startup-hub-estabelece-parceria-estrategica-com-o-tech-park-de-cabo-verde\\\/\",\"url\":\"https:\\\/\\\/incoimbra.pt\\\/incoimbra-startup-hub-estabelece-parceria-estrategica-com-o-tech-park-de-cabo-verde\\\/\",\"name\":\"inCoimbra - StartUp HUB estabelece parceria estrat\u00e9gica com o Tech Park de Cabo Verde - inCoimbra Startup Hub\",\"isPartOf\":{\"@id\":\"https:\\\/\\\/incoimbra.pt\\\/#website\"},\"primaryImageOfPage\":{\"@id\":\"https:\\\/\\\/incoimbra.pt\\\/incoimbra-startup-hub-estabelece-parceria-estrategica-com-o-tech-park-de-cabo-verde\\\/#primaryimage\"},\"image\":{\"@id\":\"https:\\\/\\\/incoimbra.pt\\\/incoimbra-startup-hub-estabelece-parceria-estrategica-com-o-tech-park-de-cabo-verde\\\/#primaryimage\"},\"thumbnailUrl\":\"https:\\\/\\\/incoimbra.pt\\\/wp-content\\\/uploads\\\/2024\\\/10\\\/432009372_8157731770910767_7581417194091248478_n.jpg\",\"datePublished\":\"2024-10-04T15:48:23+00:00\",\"dateModified\":\"2024-10-04T15:49:24+00:00\",\"breadcrumb\":{\"@id\":\"https:\\\/\\\/incoimbra.pt\\\/incoimbra-startup-hub-estabelece-parceria-estrategica-com-o-tech-park-de-cabo-verde\\\/#breadcrumb\"},\"inLanguage\":\"en-US\",\"potentialAction\":[{\"@type\":\"ReadAction\",\"target\":[\"https:\\\/\\\/incoimbra.pt\\\/incoimbra-startup-hub-estabelece-parceria-estrategica-com-o-tech-park-de-cabo-verde\\\/\"]}]},{\"@type\":\"ImageObject\",\"inLanguage\":\"en-US\",\"@id\":\"https:\\\/\\\/incoimbra.pt\\\/incoimbra-startup-hub-estabelece-parceria-estrategica-com-o-tech-park-de-cabo-verde\\\/#primaryimage\",\"url\":\"https:\\\/\\\/incoimbra.pt\\\/wp-content\\\/uploads\\\/2024\\\/10\\\/432009372_8157731770910767_7581417194091248478_n.jpg\",\"contentUrl\":\"https:\\\/\\\/incoimbra.pt\\\/wp-content\\\/uploads\\\/2024\\\/10\\\/432009372_8157731770910767_7581417194091248478_n.jpg\",\"width\":852,\"height\":852},{\"@type\":\"BreadcrumbList\",\"@id\":\"https:\\\/\\\/incoimbra.pt\\\/incoimbra-startup-hub-estabelece-parceria-estrategica-com-o-tech-park-de-cabo-verde\\\/#breadcrumb\",\"itemListElement\":[{\"@type\":\"ListItem\",\"position\":1,\"name\":\"In\u00edcio\",\"item\":\"https:\\\/\\\/incoimbra.pt\\\/\"},{\"@type\":\"ListItem\",\"position\":2,\"name\":\"inCoimbra - StartUp HUB estabelece parceria estrat\u00e9gica com o Tech Park de Cabo Verde\"}]},{\"@type\":\"WebSite\",\"@id\":\"https:\\\/\\\/incoimbra.pt\\\/#website\",\"url\":\"https:\\\/\\\/incoimbra.pt\\\/\",\"name\":\"inCoimbra\",\"description\":\"Incubadora | Aceleradora | Cowork | Coworking | Coimbra\",\"publisher\":{\"@id\":\"https:\\\/\\\/incoimbra.pt\\\/#organization\"},\"potentialAction\":[{\"@type\":\"SearchAction\",\"target\":{\"@type\":\"EntryPoint\",\"urlTemplate\":\"https:\\\/\\\/incoimbra.pt\\\/?s={search_term_string}\"},\"query-input\":{\"@type\":\"PropertyValueSpecification\",\"valueRequired\":true,\"valueName\":\"search_term_string\"}}],\"inLanguage\":\"en-US\"},{\"@type\":\"Organization\",\"@id\":\"https:\\\/\\\/incoimbra.pt\\\/#organization\",\"name\":\"inCoimbra\",\"url\":\"https:\\\/\\\/incoimbra.pt\\\/\",\"logo\":{\"@type\":\"ImageObject\",\"inLanguage\":\"en-US\",\"@id\":\"https:\\\/\\\/incoimbra.pt\\\/#\\\/schema\\\/logo\\\/image\\\/\",\"url\":\"https:\\\/\\\/incoimbra.pt\\\/wp-content\\\/uploads\\\/2024\\\/01\\\/logo-vert.png\",\"contentUrl\":\"https:\\\/\\\/incoimbra.pt\\\/wp-content\\\/uploads\\\/2024\\\/01\\\/logo-vert.png\",\"width\":345,\"height\":250,\"caption\":\"inCoimbra\"},\"image\":{\"@id\":\"https:\\\/\\\/incoimbra.pt\\\/#\\\/schema\\\/logo\\\/image\\\/\"},\"sameAs\":[\"https:\\\/\\\/www.linkedin.com\\\/company\\\/incoimbra\\\/about\\\/\"]},{\"@type\":\"Person\",\"@id\":\"https:\\\/\\\/incoimbra.pt\\\/#\\\/schema\\\/person\\\/ab5b5c60e93885d49c6daa45c7a4cd1d\",\"name\":\"Rui Castro\",\"url\":\"https:\\\/\\\/incoimbra.pt\\\/en\\\/author\\\/inruicastro\\\/\"}]}<\/script>\n<!-- \/ Yoast SEO plugin. -->","yoast_head_json":{"title":"inCoimbra - StartUp HUB estabelece parceria estrat\u00e9gica com o Tech Park de Cabo Verde - inCoimbra Startup Hub","robots":{"index":"index","follow":"follow","max-snippet":"max-snippet:-1","max-image-preview":"max-image-preview:large","max-video-preview":"max-video-preview:-1"},"canonical":"https:\/\/incoimbra.pt\/en\/incoimbra-startup-hub-estabelece-parceria-estrategica-com-o-tech-park-de-cabo-verde\/","og_locale":"en_US","og_type":"article","og_title":"inCoimbra - StartUp HUB estabelece parceria estrat\u00e9gica com o Tech Park de Cabo Verde - inCoimbra Startup Hub","og_description":"A inCoimbra - StartUp HUB marcou presen\u00e7a na 1\u00aa Cimeira de Investimento e Financiamento Jovem na Cidade da Praia, Cabo Verde, representada pelo seu Diretor, Rui Nuno Castro. O evento, promovido pelo Governo de Cabo Verde, reuniu representantes de diversos ecossistemas de inova\u00e7\u00e3o com o objetivo de impulsionar o empreendedorismo jovem no pa\u00eds. A participa\u00e7\u00e3o [&hellip;]","og_url":"https:\/\/incoimbra.pt\/en\/incoimbra-startup-hub-estabelece-parceria-estrategica-com-o-tech-park-de-cabo-verde\/","og_site_name":"inCoimbra Startup Hub","article_published_time":"2024-10-04T15:48:23+00:00","article_modified_time":"2024-10-04T15:49:24+00:00","og_image":[{"width":852,"height":852,"url":"https:\/\/incoimbra.pt\/wp-content\/uploads\/2024\/10\/432009372_8157731770910767_7581417194091248478_n.jpg","type":"image\/jpeg"}],"author":"Rui Castro","twitter_card":"summary_large_image","twitter_misc":{"Written by":"Rui Castro","Est. reading time":"2 minutes"},"schema":{"@context":"https:\/\/schema.org","@graph":[{"@type":"Article","@id":"https:\/\/incoimbra.pt\/incoimbra-startup-hub-estabelece-parceria-estrategica-com-o-tech-park-de-cabo-verde\/#article","isPartOf":{"@id":"https:\/\/incoimbra.pt\/incoimbra-startup-hub-estabelece-parceria-estrategica-com-o-tech-park-de-cabo-verde\/"},"author":{"name":"Rui Castro","@id":"https:\/\/incoimbra.pt\/#\/schema\/person\/ab5b5c60e93885d49c6daa45c7a4cd1d"},"headline":"inCoimbra - StartUp HUB estabelece parceria estrat\u00e9gica com o Tech Park de Cabo Verde","datePublished":"2024-10-04T15:48:23+00:00","dateModified":"2024-10-04T15:49:24+00:00","mainEntityOfPage":{"@id":"https:\/\/incoimbra.pt\/incoimbra-startup-hub-estabelece-parceria-estrategica-com-o-tech-park-de-cabo-verde\/"},"wordCount":379,"publisher":{"@id":"https:\/\/incoimbra.pt\/#organization"},"image":{"@id":"https:\/\/incoimbra.pt\/incoimbra-startup-hub-estabelece-parceria-estrategica-com-o-tech-park-de-cabo-verde\/#primaryimage"},"thumbnailUrl":"https:\/\/incoimbra.pt\/wp-content\/uploads\/2024\/10\/432009372_8157731770910767_7581417194091248478_n.jpg","articleSection":["Not\u00edcias"],"inLanguage":"en-US"},{"@type":"WebPage","@id":"https:\/\/incoimbra.pt\/incoimbra-startup-hub-estabelece-parceria-estrategica-com-o-tech-park-de-cabo-verde\/","url":"https:\/\/incoimbra.pt\/incoimbra-startup-hub-estabelece-parceria-estrategica-com-o-tech-park-de-cabo-verde\/","name":"inCoimbra - StartUp HUB estabelece parceria estrat\u00e9gica com o Tech Park de Cabo Verde - inCoimbra Startup Hub","isPartOf":{"@id":"https:\/\/incoimbra.pt\/#website"},"primaryImageOfPage":{"@id":"https:\/\/incoimbra.pt\/incoimbra-startup-hub-estabelece-parceria-estrategica-com-o-tech-park-de-cabo-verde\/#primaryimage"},"image":{"@id":"https:\/\/incoimbra.pt\/incoimbra-startup-hub-estabelece-parceria-estrategica-com-o-tech-park-de-cabo-verde\/#primaryimage"},"thumbnailUrl":"https:\/\/incoimbra.pt\/wp-content\/uploads\/2024\/10\/432009372_8157731770910767_7581417194091248478_n.jpg","datePublished":"2024-10-04T15:48:23+00:00","dateModified":"2024-10-04T15:49:24+00:00","breadcrumb":{"@id":"https:\/\/incoimbra.pt\/incoimbra-startup-hub-estabelece-parceria-estrategica-com-o-tech-park-de-cabo-verde\/#breadcrumb"},"inLanguage":"en-US","potentialAction":[{"@type":"ReadAction","target":["https:\/\/incoimbra.pt\/incoimbra-startup-hub-estabelece-parceria-estrategica-com-o-tech-park-de-cabo-verde\/"]}]},{"@type":"ImageObject","inLanguage":"en-US","@id":"https:\/\/incoimbra.pt\/incoimbra-startup-hub-estabelece-parceria-estrategica-com-o-tech-park-de-cabo-verde\/#primaryimage","url":"https:\/\/incoimbra.pt\/wp-content\/uploads\/2024\/10\/432009372_8157731770910767_7581417194091248478_n.jpg","contentUrl":"https:\/\/incoimbra.pt\/wp-content\/uploads\/2024\/10\/432009372_8157731770910767_7581417194091248478_n.jpg","width":852,"height":852},{"@type":"BreadcrumbList","@id":"https:\/\/incoimbra.pt\/incoimbra-startup-hub-estabelece-parceria-estrategica-com-o-tech-park-de-cabo-verde\/#breadcrumb","itemListElement":[{"@type":"ListItem","position":1,"name":"In\u00edcio","item":"https:\/\/incoimbra.pt\/"},{"@type":"ListItem","position":2,"name":"inCoimbra - StartUp HUB estabelece parceria estrat\u00e9gica com o Tech Park de Cabo Verde"}]},{"@type":"WebSite","@id":"https:\/\/incoimbra.pt\/#website","url":"https:\/\/incoimbra.pt\/","name":"inCoimbra","description":"Incubadora | Aceleradora | Cowork | Coworking | Coimbra","publisher":{"@id":"https:\/\/incoimbra.pt\/#organization"},"potentialAction":[{"@type":"SearchAction","target":{"@type":"EntryPoint","urlTemplate":"https:\/\/incoimbra.pt\/?s={search_term_string}"},"query-input":{"@type":"PropertyValueSpecification","valueRequired":true,"valueName":"search_term_string"}}],"inLanguage":"en-US"},{"@type":"Organization","@id":"https:\/\/incoimbra.pt\/#organization","name":"inCoimbra","url":"https:\/\/incoimbra.pt\/","logo":{"@type":"ImageObject","inLanguage":"en-US","@id":"https:\/\/incoimbra.pt\/#\/schema\/logo\/image\/","url":"https:\/\/incoimbra.pt\/wp-content\/uploads\/2024\/01\/logo-vert.png","contentUrl":"https:\/\/incoimbra.pt\/wp-content\/uploads\/2024\/01\/logo-vert.png","width":345,"height":250,"caption":"inCoimbra"},"image":{"@id":"https:\/\/incoimbra.pt\/#\/schema\/logo\/image\/"},"sameAs":["https:\/\/www.linkedin.com\/company\/incoimbra\/about\/"]},{"@type":"Person","@id":"https:\/\/incoimbra.pt\/#\/schema\/person\/ab5b5c60e93885d49c6daa45c7a4cd1d","name":"Rui Castro","url":"https:\/\/incoimbra.pt\/en\/author\/inruicastro\/"}]}},"_links":{"self":[{"href":"https:\/\/incoimbra.pt\/en\/wp-json\/wp\/v2\/posts\/296","targetHints":{"allow":["GET"]}}],"collection":[{"href":"https:\/\/incoimbra.pt\/en\/wp-json\/wp\/v2\/posts"}],"about":[{"href":"https:\/\/incoimbra.pt\/en\/wp-json\/wp\/v2\/types\/post"}],"author":[{"embeddable":true,"href":"https:\/\/incoimbra.pt\/en\/wp-json\/wp\/v2\/users\/2"}],"replies":[{"embeddable":true,"href":"https:\/\/incoimbra.pt\/en\/wp-json\/wp\/v2\/comments?post=296"}],"version-history":[{"count":6,"href":"https:\/\/incoimbra.pt\/en\/wp-json\/wp\/v2\/posts\/296\/revisions"}],"predecessor-version":[{"id":304,"href":"https:\/\/incoimbra.pt\/en\/wp-json\/wp\/v2\/posts\/296\/revisions\/304"}],"wp:featuredmedia":[{"embeddable":true,"href":"https:\/\/incoimbra.pt\/en\/wp-json\/wp\/v2\/media\/297"}],"wp:attachment":[{"href":"https:\/\/incoimbra.pt\/en\/wp-json\/wp\/v2\/media?parent=296"}],"wp:term":[{"taxonomy":"category","embeddable":true,"href":"https:\/\/incoimbra.pt\/en\/wp-json\/wp\/v2\/categories?post=296"},{"taxonomy":"post_tag","embeddable":true,"href":"https:\/\/incoimbra.pt\/en\/wp-json\/wp\/v2\/tags?post=296"}],"curies":[{"name":"wp","href":"https:\/\/api.w.org\/{rel}","templated":true}]}}