{"id":525,"date":"2025-11-14T16:00:58","date_gmt":"2025-11-14T16:00:58","guid":{"rendered":"https:\/\/incoimbra.pt\/?p=525"},"modified":"2025-11-18T18:05:17","modified_gmt":"2025-11-18T18:05:17","slug":"coimbra-deve-competir-por-pessoas-nao-apenas-por-empresas-artigo-de-opiniao-de-rui-nuno-castro-no-diario-de-coimbra","status":"publish","type":"post","link":"https:\/\/incoimbra.pt\/en\/coimbra-deve-competir-por-pessoas-nao-apenas-por-empresas-artigo-de-opiniao-de-rui-nuno-castro-no-diario-de-coimbra\/","title":{"rendered":"Coimbra deve competir por pessoas, n\u00e3o apenas por empresas \u2014 Artigo de Opini\u00e3o"},"content":{"rendered":"<p>Rui Nuno Castro, diretor da inCoimbra StartUp HUB, assinou um artigo de opini\u00e3o no <strong>Di\u00e1rio de Coimbra<\/strong> onde destacou um novo paradigma global na competitividade urbana: hoje, as cidades n\u00e3o competem apenas por empresas, mas sobretudo por <strong>talento, prop\u00f3sito e qualidade de vida<\/strong>.<\/p>\n\n\n\n<p>No artigo, \u00e9 sublinhado que as cidades verdadeiramente competitivas s\u00e3o aquelas que conseguem atrair e reter pessoas qualificadas, criativas e empreendedoras, oferecendo n\u00e3o s\u00f3 condi\u00e7\u00f5es econ\u00f3micas, mas tamb\u00e9m bem-estar, seguran\u00e7a, cultura, natureza e sentido de comunidade.<\/p>\n\n\n\n<p>Rui Nuno Castro sublinha que <strong>Coimbra re\u00fane caracter\u00edsticas \u00fanicas<\/strong> que a colocam numa posi\u00e7\u00e3o privilegiada para se afirmar internacionalmente:<\/p>\n\n\n\n<ul class=\"wp-block-list\">\n<li>um ecossistema acad\u00e9mico e cient\u00edfico de excel\u00eancia,<\/li>\n\n\n\n<li>uma escala humana que facilita a concilia\u00e7\u00e3o entre vida e trabalho,<\/li>\n\n\n\n<li>um ambiente seguro e acolhedor,<\/li>\n\n\n\n<li>uma comunidade de empreendedores e fundadores em crescimento,<\/li>\n\n\n\n<li>e uma qualidade de vida que se distingue no panorama nacional.<\/li>\n<\/ul>\n\n\n\n<div data-wp-interactive=\"core\/file\" class=\"wp-block-file\"><object data-wp-bind--hidden=\"!state.hasPdfPreview\" hidden class=\"wp-block-file__embed\" data=\"https:\/\/incoimbra.pt\/wp-content\/uploads\/2025\/11\/120030286.pdf\" type=\"application\/pdf\" style=\"width:100%;height:600px\" aria-label=\"Embed of LER ARTIGO COMPLETO!.\"><\/object><a id=\"wp-block-file--media-e10896b9-1366-4baf-bb8e-c0a1473d88ca\" href=\"https:\/\/incoimbra.pt\/wp-content\/uploads\/2025\/11\/120030286.pdf\">LER ARTIGO COMPLETO!<\/a><a href=\"https:\/\/incoimbra.pt\/wp-content\/uploads\/2025\/11\/120030286.pdf\" class=\"wp-block-file__button wp-element-button\" download aria-describedby=\"wp-block-file--media-e10896b9-1366-4baf-bb8e-c0a1473d88ca\">Descarregar<\/a><\/div>\n\n\n\n<p>Rui Nuno Castro refor\u00e7a ainda o papel estrat\u00e9gico do <strong><a href=\"https:\/\/www.coimbratechdistrict.com\/\">Coimbra Tech District (CTD)<\/a><\/strong> como plataforma capaz de tornar vis\u00edvel o ecossistema de inova\u00e7\u00e3o da regi\u00e3o, aproximando talento, empresas, investiga\u00e7\u00e3o aplicada e novas oportunidades de cria\u00e7\u00e3o de valor.<\/p>\n\n\n\n<blockquote class=\"wp-block-quote is-layout-flow wp-block-quote-is-layout-flow\">\n<p>\u201cAtrair talento \u00e9 atrair futuro. Coimbra tem tudo para ser escolhida, n\u00e3o por acaso, mas por convic\u00e7\u00e3o\u201d, conclui.<\/p>\n<\/blockquote>\n\n\n\n<p>A publica\u00e7\u00e3o deste artigo refor\u00e7a o posicionamento da inCoimbra como um agente ativo na constru\u00e7\u00e3o de uma vis\u00e3o moderna, humana e competitiva para o futuro da cidade e da regi\u00e3o.<\/p>\n\n\n\n<p><\/p>","protected":false},"excerpt":{"rendered":"<p>Rui Nuno Castro, diretor da inCoimbra StartUp HUB, assinou um artigo de opini\u00e3o no Di\u00e1rio de Coimbra onde destacou um novo paradigma global na competitividade urbana: hoje, as cidades n\u00e3o competem apenas por empresas, mas sobretudo por talento, prop\u00f3sito e qualidade de vida. No artigo, \u00e9 sublinhado que as cidades verdadeiramente competitivas s\u00e3o aquelas que [&hellip;]<\/p>\n","protected":false},"author":2,"featured_media":526,"comment_status":"closed","ping_status":"closed","sticky":false,"template":"","format":"standard","meta":{"_acf_changed":false,"footnotes":""},"categories":[4,3],"tags":[19,21],"class_list":["post-525","post","type-post","status-publish","format-standard","has-post-thumbnail","hentry","category-blog","category-noticias","tag-incoimbra-startup-hub-cowork","tag-startup-hub"],"acf":[],"yoast_head":"<!-- This site is optimized with the Yoast SEO plugin v27.5 - https:\/\/yoast.com\/product\/yoast-seo-wordpress\/ -->\n<title>Coimbra deve competir por pessoas, n\u00e3o apenas por empresas \u2014 Artigo de Opini\u00e3o - inCoimbra Startup Hub<\/title>\n<meta name=\"robots\" content=\"index, follow, max-snippet:-1, max-image-preview:large, max-video-preview:-1\" \/>\n<link rel=\"canonical\" href=\"https:\/\/incoimbra.pt\/en\/coimbra-deve-competir-por-pessoas-nao-apenas-por-empresas-artigo-de-opiniao-de-rui-nuno-castro-no-diario-de-coimbra\/\" \/>\n<meta property=\"og:locale\" content=\"en_US\" \/>\n<meta property=\"og:type\" content=\"article\" \/>\n<meta property=\"og:title\" content=\"Coimbra deve competir por pessoas, n\u00e3o apenas por empresas \u2014 Artigo de Opini\u00e3o - inCoimbra Startup Hub\" \/>\n<meta property=\"og:description\" content=\"Rui Nuno Castro, diretor da inCoimbra StartUp HUB, assinou um artigo de opini\u00e3o no Di\u00e1rio de Coimbra onde destacou um novo paradigma global na competitividade urbana: hoje, as cidades n\u00e3o competem apenas por empresas, mas sobretudo por talento, prop\u00f3sito e qualidade de vida. No artigo, \u00e9 sublinhado que as cidades verdadeiramente competitivas s\u00e3o aquelas que [&hellip;]\" \/>\n<meta property=\"og:url\" content=\"https:\/\/incoimbra.pt\/en\/coimbra-deve-competir-por-pessoas-nao-apenas-por-empresas-artigo-de-opiniao-de-rui-nuno-castro-no-diario-de-coimbra\/\" \/>\n<meta property=\"og:site_name\" content=\"inCoimbra Startup Hub\" \/>\n<meta property=\"article:published_time\" content=\"2025-11-14T16:00:58+00:00\" \/>\n<meta property=\"article:modified_time\" content=\"2025-11-18T18:05:17+00:00\" \/>\n<meta property=\"og:image\" content=\"https:\/\/incoimbra.pt\/wp-content\/uploads\/2025\/11\/TELEMMGLPICT000430177940_17509580657630_trans_NvBQzQNjv4BqpVlberWd9EgFPZtcLiMQf0Rf_Wk3V23H2268P_XkPxc.webp\" \/>\n\t<meta property=\"og:image:width\" content=\"640\" \/>\n\t<meta property=\"og:image:height\" content=\"400\" \/>\n\t<meta property=\"og:image:type\" content=\"image\/webp\" \/>\n<meta name=\"author\" content=\"Rui Castro\" \/>\n<meta name=\"twitter:card\" content=\"summary_large_image\" \/>\n<meta name=\"twitter:label1\" content=\"Written by\" \/>\n\t<meta name=\"twitter:data1\" content=\"Rui Castro\" \/>\n\t<meta name=\"twitter:label2\" content=\"Est. reading time\" \/>\n\t<meta name=\"twitter:data2\" content=\"2 minutes\" \/>\n<script type=\"application\/ld+json\" class=\"yoast-schema-graph\">{\"@context\":\"https:\\\/\\\/schema.org\",\"@graph\":[{\"@type\":\"Article\",\"@id\":\"https:\\\/\\\/incoimbra.pt\\\/coimbra-deve-competir-por-pessoas-nao-apenas-por-empresas-artigo-de-opiniao-de-rui-nuno-castro-no-diario-de-coimbra\\\/#article\",\"isPartOf\":{\"@id\":\"https:\\\/\\\/incoimbra.pt\\\/coimbra-deve-competir-por-pessoas-nao-apenas-por-empresas-artigo-de-opiniao-de-rui-nuno-castro-no-diario-de-coimbra\\\/\"},\"author\":{\"name\":\"Rui Castro\",\"@id\":\"https:\\\/\\\/incoimbra.pt\\\/#\\\/schema\\\/person\\\/ab5b5c60e93885d49c6daa45c7a4cd1d\"},\"headline\":\"Coimbra deve competir por pessoas, n\u00e3o apenas por empresas \u2014 Artigo de Opini\u00e3o\",\"datePublished\":\"2025-11-14T16:00:58+00:00\",\"dateModified\":\"2025-11-18T18:05:17+00:00\",\"mainEntityOfPage\":{\"@id\":\"https:\\\/\\\/incoimbra.pt\\\/coimbra-deve-competir-por-pessoas-nao-apenas-por-empresas-artigo-de-opiniao-de-rui-nuno-castro-no-diario-de-coimbra\\\/\"},\"wordCount\":272,\"publisher\":{\"@id\":\"https:\\\/\\\/incoimbra.pt\\\/#organization\"},\"image\":{\"@id\":\"https:\\\/\\\/incoimbra.pt\\\/coimbra-deve-competir-por-pessoas-nao-apenas-por-empresas-artigo-de-opiniao-de-rui-nuno-castro-no-diario-de-coimbra\\\/#primaryimage\"},\"thumbnailUrl\":\"https:\\\/\\\/incoimbra.pt\\\/wp-content\\\/uploads\\\/2025\\\/11\\\/TELEMMGLPICT000430177940_17509580657630_trans_NvBQzQNjv4BqpVlberWd9EgFPZtcLiMQf0Rf_Wk3V23H2268P_XkPxc.webp\",\"keywords\":[\"inCoimbra Startup Hub Cowork\",\"Startup Hub\"],\"articleSection\":[\"Blog\",\"Not\u00edcias\"],\"inLanguage\":\"en-US\"},{\"@type\":\"WebPage\",\"@id\":\"https:\\\/\\\/incoimbra.pt\\\/coimbra-deve-competir-por-pessoas-nao-apenas-por-empresas-artigo-de-opiniao-de-rui-nuno-castro-no-diario-de-coimbra\\\/\",\"url\":\"https:\\\/\\\/incoimbra.pt\\\/coimbra-deve-competir-por-pessoas-nao-apenas-por-empresas-artigo-de-opiniao-de-rui-nuno-castro-no-diario-de-coimbra\\\/\",\"name\":\"Coimbra deve competir por pessoas, n\u00e3o apenas por empresas \u2014 Artigo de Opini\u00e3o - inCoimbra Startup Hub\",\"isPartOf\":{\"@id\":\"https:\\\/\\\/incoimbra.pt\\\/#website\"},\"primaryImageOfPage\":{\"@id\":\"https:\\\/\\\/incoimbra.pt\\\/coimbra-deve-competir-por-pessoas-nao-apenas-por-empresas-artigo-de-opiniao-de-rui-nuno-castro-no-diario-de-coimbra\\\/#primaryimage\"},\"image\":{\"@id\":\"https:\\\/\\\/incoimbra.pt\\\/coimbra-deve-competir-por-pessoas-nao-apenas-por-empresas-artigo-de-opiniao-de-rui-nuno-castro-no-diario-de-coimbra\\\/#primaryimage\"},\"thumbnailUrl\":\"https:\\\/\\\/incoimbra.pt\\\/wp-content\\\/uploads\\\/2025\\\/11\\\/TELEMMGLPICT000430177940_17509580657630_trans_NvBQzQNjv4BqpVlberWd9EgFPZtcLiMQf0Rf_Wk3V23H2268P_XkPxc.webp\",\"datePublished\":\"2025-11-14T16:00:58+00:00\",\"dateModified\":\"2025-11-18T18:05:17+00:00\",\"breadcrumb\":{\"@id\":\"https:\\\/\\\/incoimbra.pt\\\/coimbra-deve-competir-por-pessoas-nao-apenas-por-empresas-artigo-de-opiniao-de-rui-nuno-castro-no-diario-de-coimbra\\\/#breadcrumb\"},\"inLanguage\":\"en-US\",\"potentialAction\":[{\"@type\":\"ReadAction\",\"target\":[\"https:\\\/\\\/incoimbra.pt\\\/coimbra-deve-competir-por-pessoas-nao-apenas-por-empresas-artigo-de-opiniao-de-rui-nuno-castro-no-diario-de-coimbra\\\/\"]}]},{\"@type\":\"ImageObject\",\"inLanguage\":\"en-US\",\"@id\":\"https:\\\/\\\/incoimbra.pt\\\/coimbra-deve-competir-por-pessoas-nao-apenas-por-empresas-artigo-de-opiniao-de-rui-nuno-castro-no-diario-de-coimbra\\\/#primaryimage\",\"url\":\"https:\\\/\\\/incoimbra.pt\\\/wp-content\\\/uploads\\\/2025\\\/11\\\/TELEMMGLPICT000430177940_17509580657630_trans_NvBQzQNjv4BqpVlberWd9EgFPZtcLiMQf0Rf_Wk3V23H2268P_XkPxc.webp\",\"contentUrl\":\"https:\\\/\\\/incoimbra.pt\\\/wp-content\\\/uploads\\\/2025\\\/11\\\/TELEMMGLPICT000430177940_17509580657630_trans_NvBQzQNjv4BqpVlberWd9EgFPZtcLiMQf0Rf_Wk3V23H2268P_XkPxc.webp\",\"width\":640,\"height\":400,\"caption\":\"Coimbra enquanto territ\u00f3rio de qualidade de vida, talento e inova\u00e7\u00e3o.\"},{\"@type\":\"BreadcrumbList\",\"@id\":\"https:\\\/\\\/incoimbra.pt\\\/coimbra-deve-competir-por-pessoas-nao-apenas-por-empresas-artigo-de-opiniao-de-rui-nuno-castro-no-diario-de-coimbra\\\/#breadcrumb\",\"itemListElement\":[{\"@type\":\"ListItem\",\"position\":1,\"name\":\"In\u00edcio\",\"item\":\"https:\\\/\\\/incoimbra.pt\\\/\"},{\"@type\":\"ListItem\",\"position\":2,\"name\":\"Coimbra deve competir por pessoas, n\u00e3o apenas por empresas \u2014 Artigo de Opini\u00e3o\"}]},{\"@type\":\"WebSite\",\"@id\":\"https:\\\/\\\/incoimbra.pt\\\/#website\",\"url\":\"https:\\\/\\\/incoimbra.pt\\\/\",\"name\":\"inCoimbra\",\"description\":\"Incubadora | Aceleradora | Cowork | Coworking | Coimbra\",\"publisher\":{\"@id\":\"https:\\\/\\\/incoimbra.pt\\\/#organization\"},\"potentialAction\":[{\"@type\":\"SearchAction\",\"target\":{\"@type\":\"EntryPoint\",\"urlTemplate\":\"https:\\\/\\\/incoimbra.pt\\\/?s={search_term_string}\"},\"query-input\":{\"@type\":\"PropertyValueSpecification\",\"valueRequired\":true,\"valueName\":\"search_term_string\"}}],\"inLanguage\":\"en-US\"},{\"@type\":\"Organization\",\"@id\":\"https:\\\/\\\/incoimbra.pt\\\/#organization\",\"name\":\"inCoimbra\",\"url\":\"https:\\\/\\\/incoimbra.pt\\\/\",\"logo\":{\"@type\":\"ImageObject\",\"inLanguage\":\"en-US\",\"@id\":\"https:\\\/\\\/incoimbra.pt\\\/#\\\/schema\\\/logo\\\/image\\\/\",\"url\":\"https:\\\/\\\/incoimbra.pt\\\/wp-content\\\/uploads\\\/2024\\\/01\\\/logo-vert.png\",\"contentUrl\":\"https:\\\/\\\/incoimbra.pt\\\/wp-content\\\/uploads\\\/2024\\\/01\\\/logo-vert.png\",\"width\":345,\"height\":250,\"caption\":\"inCoimbra\"},\"image\":{\"@id\":\"https:\\\/\\\/incoimbra.pt\\\/#\\\/schema\\\/logo\\\/image\\\/\"},\"sameAs\":[\"https:\\\/\\\/www.linkedin.com\\\/company\\\/incoimbra\\\/about\\\/\"]},{\"@type\":\"Person\",\"@id\":\"https:\\\/\\\/incoimbra.pt\\\/#\\\/schema\\\/person\\\/ab5b5c60e93885d49c6daa45c7a4cd1d\",\"name\":\"Rui Castro\",\"url\":\"https:\\\/\\\/incoimbra.pt\\\/en\\\/author\\\/inruicastro\\\/\"}]}<\/script>\n<!-- \/ Yoast SEO plugin. -->","yoast_head_json":{"title":"Coimbra deve competir por pessoas, n\u00e3o apenas por empresas \u2014 Artigo de Opini\u00e3o - inCoimbra Startup Hub","robots":{"index":"index","follow":"follow","max-snippet":"max-snippet:-1","max-image-preview":"max-image-preview:large","max-video-preview":"max-video-preview:-1"},"canonical":"https:\/\/incoimbra.pt\/en\/coimbra-deve-competir-por-pessoas-nao-apenas-por-empresas-artigo-de-opiniao-de-rui-nuno-castro-no-diario-de-coimbra\/","og_locale":"en_US","og_type":"article","og_title":"Coimbra deve competir por pessoas, n\u00e3o apenas por empresas \u2014 Artigo de Opini\u00e3o - inCoimbra Startup Hub","og_description":"Rui Nuno Castro, diretor da inCoimbra StartUp HUB, assinou um artigo de opini\u00e3o no Di\u00e1rio de Coimbra onde destacou um novo paradigma global na competitividade urbana: hoje, as cidades n\u00e3o competem apenas por empresas, mas sobretudo por talento, prop\u00f3sito e qualidade de vida. No artigo, \u00e9 sublinhado que as cidades verdadeiramente competitivas s\u00e3o aquelas que [&hellip;]","og_url":"https:\/\/incoimbra.pt\/en\/coimbra-deve-competir-por-pessoas-nao-apenas-por-empresas-artigo-de-opiniao-de-rui-nuno-castro-no-diario-de-coimbra\/","og_site_name":"inCoimbra Startup Hub","article_published_time":"2025-11-14T16:00:58+00:00","article_modified_time":"2025-11-18T18:05:17+00:00","og_image":[{"width":640,"height":400,"url":"https:\/\/incoimbra.pt\/wp-content\/uploads\/2025\/11\/TELEMMGLPICT000430177940_17509580657630_trans_NvBQzQNjv4BqpVlberWd9EgFPZtcLiMQf0Rf_Wk3V23H2268P_XkPxc.webp","type":"image\/webp"}],"author":"Rui Castro","twitter_card":"summary_large_image","twitter_misc":{"Written by":"Rui Castro","Est. reading time":"2 minutes"},"schema":{"@context":"https:\/\/schema.org","@graph":[{"@type":"Article","@id":"https:\/\/incoimbra.pt\/coimbra-deve-competir-por-pessoas-nao-apenas-por-empresas-artigo-de-opiniao-de-rui-nuno-castro-no-diario-de-coimbra\/#article","isPartOf":{"@id":"https:\/\/incoimbra.pt\/coimbra-deve-competir-por-pessoas-nao-apenas-por-empresas-artigo-de-opiniao-de-rui-nuno-castro-no-diario-de-coimbra\/"},"author":{"name":"Rui Castro","@id":"https:\/\/incoimbra.pt\/#\/schema\/person\/ab5b5c60e93885d49c6daa45c7a4cd1d"},"headline":"Coimbra deve competir por pessoas, n\u00e3o apenas por empresas \u2014 Artigo de Opini\u00e3o","datePublished":"2025-11-14T16:00:58+00:00","dateModified":"2025-11-18T18:05:17+00:00","mainEntityOfPage":{"@id":"https:\/\/incoimbra.pt\/coimbra-deve-competir-por-pessoas-nao-apenas-por-empresas-artigo-de-opiniao-de-rui-nuno-castro-no-diario-de-coimbra\/"},"wordCount":272,"publisher":{"@id":"https:\/\/incoimbra.pt\/#organization"},"image":{"@id":"https:\/\/incoimbra.pt\/coimbra-deve-competir-por-pessoas-nao-apenas-por-empresas-artigo-de-opiniao-de-rui-nuno-castro-no-diario-de-coimbra\/#primaryimage"},"thumbnailUrl":"https:\/\/incoimbra.pt\/wp-content\/uploads\/2025\/11\/TELEMMGLPICT000430177940_17509580657630_trans_NvBQzQNjv4BqpVlberWd9EgFPZtcLiMQf0Rf_Wk3V23H2268P_XkPxc.webp","keywords":["inCoimbra Startup Hub Cowork","Startup Hub"],"articleSection":["Blog","Not\u00edcias"],"inLanguage":"en-US"},{"@type":"WebPage","@id":"https:\/\/incoimbra.pt\/coimbra-deve-competir-por-pessoas-nao-apenas-por-empresas-artigo-de-opiniao-de-rui-nuno-castro-no-diario-de-coimbra\/","url":"https:\/\/incoimbra.pt\/coimbra-deve-competir-por-pessoas-nao-apenas-por-empresas-artigo-de-opiniao-de-rui-nuno-castro-no-diario-de-coimbra\/","name":"Coimbra deve competir por pessoas, n\u00e3o apenas por empresas \u2014 Artigo de Opini\u00e3o - inCoimbra Startup Hub","isPartOf":{"@id":"https:\/\/incoimbra.pt\/#website"},"primaryImageOfPage":{"@id":"https:\/\/incoimbra.pt\/coimbra-deve-competir-por-pessoas-nao-apenas-por-empresas-artigo-de-opiniao-de-rui-nuno-castro-no-diario-de-coimbra\/#primaryimage"},"image":{"@id":"https:\/\/incoimbra.pt\/coimbra-deve-competir-por-pessoas-nao-apenas-por-empresas-artigo-de-opiniao-de-rui-nuno-castro-no-diario-de-coimbra\/#primaryimage"},"thumbnailUrl":"https:\/\/incoimbra.pt\/wp-content\/uploads\/2025\/11\/TELEMMGLPICT000430177940_17509580657630_trans_NvBQzQNjv4BqpVlberWd9EgFPZtcLiMQf0Rf_Wk3V23H2268P_XkPxc.webp","datePublished":"2025-11-14T16:00:58+00:00","dateModified":"2025-11-18T18:05:17+00:00","breadcrumb":{"@id":"https:\/\/incoimbra.pt\/coimbra-deve-competir-por-pessoas-nao-apenas-por-empresas-artigo-de-opiniao-de-rui-nuno-castro-no-diario-de-coimbra\/#breadcrumb"},"inLanguage":"en-US","potentialAction":[{"@type":"ReadAction","target":["https:\/\/incoimbra.pt\/coimbra-deve-competir-por-pessoas-nao-apenas-por-empresas-artigo-de-opiniao-de-rui-nuno-castro-no-diario-de-coimbra\/"]}]},{"@type":"ImageObject","inLanguage":"en-US","@id":"https:\/\/incoimbra.pt\/coimbra-deve-competir-por-pessoas-nao-apenas-por-empresas-artigo-de-opiniao-de-rui-nuno-castro-no-diario-de-coimbra\/#primaryimage","url":"https:\/\/incoimbra.pt\/wp-content\/uploads\/2025\/11\/TELEMMGLPICT000430177940_17509580657630_trans_NvBQzQNjv4BqpVlberWd9EgFPZtcLiMQf0Rf_Wk3V23H2268P_XkPxc.webp","contentUrl":"https:\/\/incoimbra.pt\/wp-content\/uploads\/2025\/11\/TELEMMGLPICT000430177940_17509580657630_trans_NvBQzQNjv4BqpVlberWd9EgFPZtcLiMQf0Rf_Wk3V23H2268P_XkPxc.webp","width":640,"height":400,"caption":"Coimbra enquanto territ\u00f3rio de qualidade de vida, talento e inova\u00e7\u00e3o."},{"@type":"BreadcrumbList","@id":"https:\/\/incoimbra.pt\/coimbra-deve-competir-por-pessoas-nao-apenas-por-empresas-artigo-de-opiniao-de-rui-nuno-castro-no-diario-de-coimbra\/#breadcrumb","itemListElement":[{"@type":"ListItem","position":1,"name":"In\u00edcio","item":"https:\/\/incoimbra.pt\/"},{"@type":"ListItem","position":2,"name":"Coimbra deve competir por pessoas, n\u00e3o apenas por empresas \u2014 Artigo de Opini\u00e3o"}]},{"@type":"WebSite","@id":"https:\/\/incoimbra.pt\/#website","url":"https:\/\/incoimbra.pt\/","name":"inCoimbra","description":"Incubadora | Aceleradora | Cowork | Coworking | Coimbra","publisher":{"@id":"https:\/\/incoimbra.pt\/#organization"},"potentialAction":[{"@type":"SearchAction","target":{"@type":"EntryPoint","urlTemplate":"https:\/\/incoimbra.pt\/?s={search_term_string}"},"query-input":{"@type":"PropertyValueSpecification","valueRequired":true,"valueName":"search_term_string"}}],"inLanguage":"en-US"},{"@type":"Organization","@id":"https:\/\/incoimbra.pt\/#organization","name":"inCoimbra","url":"https:\/\/incoimbra.pt\/","logo":{"@type":"ImageObject","inLanguage":"en-US","@id":"https:\/\/incoimbra.pt\/#\/schema\/logo\/image\/","url":"https:\/\/incoimbra.pt\/wp-content\/uploads\/2024\/01\/logo-vert.png","contentUrl":"https:\/\/incoimbra.pt\/wp-content\/uploads\/2024\/01\/logo-vert.png","width":345,"height":250,"caption":"inCoimbra"},"image":{"@id":"https:\/\/incoimbra.pt\/#\/schema\/logo\/image\/"},"sameAs":["https:\/\/www.linkedin.com\/company\/incoimbra\/about\/"]},{"@type":"Person","@id":"https:\/\/incoimbra.pt\/#\/schema\/person\/ab5b5c60e93885d49c6daa45c7a4cd1d","name":"Rui Castro","url":"https:\/\/incoimbra.pt\/en\/author\/inruicastro\/"}]}},"_links":{"self":[{"href":"https:\/\/incoimbra.pt\/en\/wp-json\/wp\/v2\/posts\/525","targetHints":{"allow":["GET"]}}],"collection":[{"href":"https:\/\/incoimbra.pt\/en\/wp-json\/wp\/v2\/posts"}],"about":[{"href":"https:\/\/incoimbra.pt\/en\/wp-json\/wp\/v2\/types\/post"}],"author":[{"embeddable":true,"href":"https:\/\/incoimbra.pt\/en\/wp-json\/wp\/v2\/users\/2"}],"replies":[{"embeddable":true,"href":"https:\/\/incoimbra.pt\/en\/wp-json\/wp\/v2\/comments?post=525"}],"version-history":[{"count":7,"href":"https:\/\/incoimbra.pt\/en\/wp-json\/wp\/v2\/posts\/525\/revisions"}],"predecessor-version":[{"id":537,"href":"https:\/\/incoimbra.pt\/en\/wp-json\/wp\/v2\/posts\/525\/revisions\/537"}],"wp:featuredmedia":[{"embeddable":true,"href":"https:\/\/incoimbra.pt\/en\/wp-json\/wp\/v2\/media\/526"}],"wp:attachment":[{"href":"https:\/\/incoimbra.pt\/en\/wp-json\/wp\/v2\/media?parent=525"}],"wp:term":[{"taxonomy":"category","embeddable":true,"href":"https:\/\/incoimbra.pt\/en\/wp-json\/wp\/v2\/categories?post=525"},{"taxonomy":"post_tag","embeddable":true,"href":"https:\/\/incoimbra.pt\/en\/wp-json\/wp\/v2\/tags?post=525"}],"curies":[{"name":"wp","href":"https:\/\/api.w.org\/{rel}","templated":true}]}}