{"id":691,"date":"2026-03-12T16:14:25","date_gmt":"2026-03-12T16:14:25","guid":{"rendered":"https:\/\/incoimbra.pt\/?p=691"},"modified":"2026-03-12T16:20:27","modified_gmt":"2026-03-12T16:20:27","slug":"protocolo-inovacao-coimbra-sevilha","status":"publish","type":"post","link":"https:\/\/incoimbra.pt\/en\/protocolo-inovacao-coimbra-sevilha\/","title":{"rendered":"Protocolo aproxima ecossistemas de inova\u00e7\u00e3o de Coimbra e Sevilha"},"content":{"rendered":"<p>A <strong><a href=\"https:\/\/incoimbra.pt\/en\/\">inCoimbra StartUp HUB<\/a><\/strong>, a <strong><a href=\"https:\/\/www.pctcartuja.es\/tecnoincubadora-marie-curie\/en\/\">Tecnocubadora Marie Curie<\/a><\/strong> and the <strong><a href=\"https:\/\/sevillatechpark.es\/en\/\">Sevilla TechPark<\/a><\/strong> estabeleceram um protocolo de colabora\u00e7\u00e3o com o objetivo de refor\u00e7ar a liga\u00e7\u00e3o entre os ecossistemas de inova\u00e7\u00e3o de <strong>Coimbra e Sevilha<\/strong>, criando novas oportunidades de coopera\u00e7\u00e3o e internacionaliza\u00e7\u00e3o para startups.<\/p>\n\n\n\n<p>O acordo prev\u00ea a promo\u00e7\u00e3o de <strong>programas de interc\u00e2mbio entre incubadoras e parques tecnol\u00f3gicos<\/strong>, iniciativas de <strong>soft landing<\/strong> para startups e a\u00e7\u00f5es que facilitem a liga\u00e7\u00e3o entre empreendedores, parceiros e investidores dos dois territ\u00f3rios. A parceria pretende ainda incentivar a partilha de conhecimento e apoiar o crescimento de projetos inovadores em ambos os ecossistemas.<\/p>\n\n\n\n<figure class=\"wp-block-image size-full\"><img loading=\"lazy\" decoding=\"async\" width=\"900\" height=\"710\" src=\"https:\/\/incoimbra.pt\/wp-content\/uploads\/2026\/03\/Incoimbra-no-sevilla-techpark.png\" alt=\"\" class=\"wp-image-692\" srcset=\"https:\/\/incoimbra.pt\/wp-content\/uploads\/2026\/03\/Incoimbra-no-sevilla-techpark.png 900w, https:\/\/incoimbra.pt\/wp-content\/uploads\/2026\/03\/Incoimbra-no-sevilla-techpark-300x237.png 300w, https:\/\/incoimbra.pt\/wp-content\/uploads\/2026\/03\/Incoimbra-no-sevilla-techpark-768x606.png 768w, https:\/\/incoimbra.pt\/wp-content\/uploads\/2026\/03\/Incoimbra-no-sevilla-techpark-15x12.png 15w\" sizes=\"auto, (max-width: 900px) 100vw, 900px\" \/><\/figure>\n\n\n\n<p>O protocolo foi consolidado durante um encontro realizado nas instala\u00e7\u00f5es do <strong><a href=\"https:\/\/sevillatechpark.es\/en\/\">Sevilla TechPark<\/a><\/strong>, que contou com a presen\u00e7a de representantes das entidades envolvidas e refor\u00e7ou a import\u00e2ncia da colabora\u00e7\u00e3o internacional para o desenvolvimento da inova\u00e7\u00e3o e do empreendedorismo.<\/p>\n\n\n\n<p>Atrav\u00e9s de iniciativas como esta, a <strong><a href=\"https:\/\/incoimbra.pt\/en\/\">inCoimbra StartUp HUB<\/a><\/strong> continua a refor\u00e7ar o seu papel na dinamiza\u00e7\u00e3o do ecossistema de inova\u00e7\u00e3o, promovendo liga\u00e7\u00f5es estrat\u00e9gicas entre startups, academia e ind\u00fastria.<\/p>\n\n\n\n<p>Se tens uma startup ou uma ideia inovadora, <strong>conhece os programas de incuba\u00e7\u00e3o da <a href=\"https:\/\/incoimbra.pt\/en\/\">inCoimbra<\/a> e <a href=\"https:\/\/incoimbra.pt\/en\/candidaturas\/\">submete a tua candidatura<\/a><\/strong>.<\/p>\n\n\n\n<p><\/p>","protected":false},"excerpt":{"rendered":"<p>A inCoimbra StartUp HUB, a Tecnocubadora Marie Curie e o Sevilla TechPark estabeleceram um protocolo de colabora\u00e7\u00e3o com o objetivo de refor\u00e7ar a liga\u00e7\u00e3o entre os ecossistemas de inova\u00e7\u00e3o de Coimbra e Sevilha, criando novas oportunidades de coopera\u00e7\u00e3o e internacionaliza\u00e7\u00e3o para startups. O acordo prev\u00ea a promo\u00e7\u00e3o de programas de interc\u00e2mbio entre incubadoras e parques [&hellip;]<\/p>\n","protected":false},"author":2,"featured_media":694,"comment_status":"closed","ping_status":"closed","sticky":false,"template":"","format":"standard","meta":{"_acf_changed":false,"footnotes":""},"categories":[4,5,3],"tags":[],"class_list":["post-691","post","type-post","status-publish","format-standard","has-post-thumbnail","hentry","category-blog","category-eventos","category-noticias"],"acf":[],"yoast_head":"<!-- This site is optimized with the Yoast SEO plugin v27.1.1 - https:\/\/yoast.com\/product\/yoast-seo-wordpress\/ -->\n<title>Protocolo liga ecossistemas de inova\u00e7\u00e3o de Coimbra e Sevilha | inCoimbra<\/title>\n<meta name=\"description\" content=\"A inCoimbra StartUp HUB e o Sevilla TechPark assinaram um protocolo para aproximar os ecossistemas de inova\u00e7\u00e3o de Coimbra e Sevilha e criar novas oportunidades para startups.\" \/>\n<meta name=\"robots\" content=\"index, follow, max-snippet:-1, max-image-preview:large, max-video-preview:-1\" \/>\n<link rel=\"canonical\" href=\"https:\/\/incoimbra.pt\/en\/protocolo-inovacao-coimbra-sevilha\/\" \/>\n<meta property=\"og:locale\" content=\"en_US\" \/>\n<meta property=\"og:type\" content=\"article\" \/>\n<meta property=\"og:title\" content=\"Protocolo liga ecossistemas de inova\u00e7\u00e3o de Coimbra e Sevilha | inCoimbra\" \/>\n<meta property=\"og:description\" content=\"A inCoimbra StartUp HUB e o Sevilla TechPark assinaram um protocolo para aproximar os ecossistemas de inova\u00e7\u00e3o de Coimbra e Sevilha e criar novas oportunidades para startups.\" \/>\n<meta property=\"og:url\" content=\"https:\/\/incoimbra.pt\/en\/protocolo-inovacao-coimbra-sevilha\/\" \/>\n<meta property=\"og:site_name\" content=\"inCoimbra Startup Hub\" \/>\n<meta property=\"article:published_time\" content=\"2026-03-12T16:14:25+00:00\" \/>\n<meta property=\"article:modified_time\" content=\"2026-03-12T16:20:27+00:00\" \/>\n<meta property=\"og:image\" content=\"https:\/\/incoimbra.pt\/wp-content\/uploads\/2026\/03\/xpwvWADD_400x400.jpg\" \/>\n\t<meta property=\"og:image:width\" content=\"400\" \/>\n\t<meta property=\"og:image:height\" content=\"400\" \/>\n\t<meta property=\"og:image:type\" content=\"image\/jpeg\" \/>\n<meta name=\"author\" content=\"Rui Castro\" \/>\n<meta name=\"twitter:card\" content=\"summary_large_image\" \/>\n<meta name=\"twitter:label1\" content=\"Written by\" \/>\n\t<meta name=\"twitter:data1\" content=\"Rui Castro\" \/>\n\t<meta name=\"twitter:label2\" content=\"Est. reading time\" \/>\n\t<meta name=\"twitter:data2\" content=\"2 minutes\" \/>\n<script type=\"application\/ld+json\" class=\"yoast-schema-graph\">{\"@context\":\"https:\/\/schema.org\",\"@graph\":[{\"@type\":\"Article\",\"@id\":\"https:\/\/incoimbra.pt\/protocolo-inovacao-coimbra-sevilha\/#article\",\"isPartOf\":{\"@id\":\"https:\/\/incoimbra.pt\/protocolo-inovacao-coimbra-sevilha\/\"},\"author\":{\"name\":\"Rui Castro\",\"@id\":\"https:\/\/incoimbra.pt\/#\/schema\/person\/ab5b5c60e93885d49c6daa45c7a4cd1d\"},\"headline\":\"Protocolo aproxima ecossistemas de inova\u00e7\u00e3o de Coimbra e Sevilha\",\"datePublished\":\"2026-03-12T16:14:25+00:00\",\"dateModified\":\"2026-03-12T16:20:27+00:00\",\"mainEntityOfPage\":{\"@id\":\"https:\/\/incoimbra.pt\/protocolo-inovacao-coimbra-sevilha\/\"},\"wordCount\":219,\"publisher\":{\"@id\":\"https:\/\/incoimbra.pt\/#organization\"},\"image\":{\"@id\":\"https:\/\/incoimbra.pt\/protocolo-inovacao-coimbra-sevilha\/#primaryimage\"},\"thumbnailUrl\":\"https:\/\/incoimbra.pt\/wp-content\/uploads\/2026\/03\/xpwvWADD_400x400.jpg\",\"articleSection\":[\"Blog\",\"Eventos\",\"Not\u00edcias\"],\"inLanguage\":\"en-US\"},{\"@type\":\"WebPage\",\"@id\":\"https:\/\/incoimbra.pt\/protocolo-inovacao-coimbra-sevilha\/\",\"url\":\"https:\/\/incoimbra.pt\/protocolo-inovacao-coimbra-sevilha\/\",\"name\":\"Protocolo liga ecossistemas de inova\u00e7\u00e3o de Coimbra e Sevilha | inCoimbra\",\"isPartOf\":{\"@id\":\"https:\/\/incoimbra.pt\/#website\"},\"primaryImageOfPage\":{\"@id\":\"https:\/\/incoimbra.pt\/protocolo-inovacao-coimbra-sevilha\/#primaryimage\"},\"image\":{\"@id\":\"https:\/\/incoimbra.pt\/protocolo-inovacao-coimbra-sevilha\/#primaryimage\"},\"thumbnailUrl\":\"https:\/\/incoimbra.pt\/wp-content\/uploads\/2026\/03\/xpwvWADD_400x400.jpg\",\"datePublished\":\"2026-03-12T16:14:25+00:00\",\"dateModified\":\"2026-03-12T16:20:27+00:00\",\"description\":\"A inCoimbra StartUp HUB e o Sevilla TechPark assinaram um protocolo para aproximar os ecossistemas de inova\u00e7\u00e3o de Coimbra e Sevilha e criar novas oportunidades para startups.\",\"breadcrumb\":{\"@id\":\"https:\/\/incoimbra.pt\/protocolo-inovacao-coimbra-sevilha\/#breadcrumb\"},\"inLanguage\":\"en-US\",\"potentialAction\":[{\"@type\":\"ReadAction\",\"target\":[\"https:\/\/incoimbra.pt\/protocolo-inovacao-coimbra-sevilha\/\"]}]},{\"@type\":\"ImageObject\",\"inLanguage\":\"en-US\",\"@id\":\"https:\/\/incoimbra.pt\/protocolo-inovacao-coimbra-sevilha\/#primaryimage\",\"url\":\"https:\/\/incoimbra.pt\/wp-content\/uploads\/2026\/03\/xpwvWADD_400x400.jpg\",\"contentUrl\":\"https:\/\/incoimbra.pt\/wp-content\/uploads\/2026\/03\/xpwvWADD_400x400.jpg\",\"width\":400,\"height\":400},{\"@type\":\"BreadcrumbList\",\"@id\":\"https:\/\/incoimbra.pt\/protocolo-inovacao-coimbra-sevilha\/#breadcrumb\",\"itemListElement\":[{\"@type\":\"ListItem\",\"position\":1,\"name\":\"In\u00edcio\",\"item\":\"https:\/\/incoimbra.pt\/\"},{\"@type\":\"ListItem\",\"position\":2,\"name\":\"Protocolo aproxima ecossistemas de inova\u00e7\u00e3o de Coimbra e Sevilha\"}]},{\"@type\":\"WebSite\",\"@id\":\"https:\/\/incoimbra.pt\/#website\",\"url\":\"https:\/\/incoimbra.pt\/\",\"name\":\"inCoimbra\",\"description\":\"Incubadora | Aceleradora | Cowork | Coworking | Coimbra\",\"publisher\":{\"@id\":\"https:\/\/incoimbra.pt\/#organization\"},\"potentialAction\":[{\"@type\":\"SearchAction\",\"target\":{\"@type\":\"EntryPoint\",\"urlTemplate\":\"https:\/\/incoimbra.pt\/?s={search_term_string}\"},\"query-input\":{\"@type\":\"PropertyValueSpecification\",\"valueRequired\":true,\"valueName\":\"search_term_string\"}}],\"inLanguage\":\"en-US\"},{\"@type\":\"Organization\",\"@id\":\"https:\/\/incoimbra.pt\/#organization\",\"name\":\"inCoimbra\",\"url\":\"https:\/\/incoimbra.pt\/\",\"logo\":{\"@type\":\"ImageObject\",\"inLanguage\":\"en-US\",\"@id\":\"https:\/\/incoimbra.pt\/#\/schema\/logo\/image\/\",\"url\":\"https:\/\/incoimbra.pt\/wp-content\/uploads\/2024\/01\/logo-vert.png\",\"contentUrl\":\"https:\/\/incoimbra.pt\/wp-content\/uploads\/2024\/01\/logo-vert.png\",\"width\":345,\"height\":250,\"caption\":\"inCoimbra\"},\"image\":{\"@id\":\"https:\/\/incoimbra.pt\/#\/schema\/logo\/image\/\"},\"sameAs\":[\"https:\/\/www.linkedin.com\/company\/incoimbra\/about\/\"]},{\"@type\":\"Person\",\"@id\":\"https:\/\/incoimbra.pt\/#\/schema\/person\/ab5b5c60e93885d49c6daa45c7a4cd1d\",\"name\":\"Rui Castro\",\"url\":\"https:\/\/incoimbra.pt\/en\/author\/inruicastro\/\"}]}<\/script>\n<!-- \/ Yoast SEO plugin. -->","yoast_head_json":{"title":"Protocolo liga ecossistemas de inova\u00e7\u00e3o de Coimbra e Sevilha | inCoimbra","description":"A inCoimbra StartUp HUB e o Sevilla TechPark assinaram um protocolo para aproximar os ecossistemas de inova\u00e7\u00e3o de Coimbra e Sevilha e criar novas oportunidades para startups.","robots":{"index":"index","follow":"follow","max-snippet":"max-snippet:-1","max-image-preview":"max-image-preview:large","max-video-preview":"max-video-preview:-1"},"canonical":"https:\/\/incoimbra.pt\/en\/protocolo-inovacao-coimbra-sevilha\/","og_locale":"en_US","og_type":"article","og_title":"Protocolo liga ecossistemas de inova\u00e7\u00e3o de Coimbra e Sevilha | inCoimbra","og_description":"A inCoimbra StartUp HUB e o Sevilla TechPark assinaram um protocolo para aproximar os ecossistemas de inova\u00e7\u00e3o de Coimbra e Sevilha e criar novas oportunidades para startups.","og_url":"https:\/\/incoimbra.pt\/en\/protocolo-inovacao-coimbra-sevilha\/","og_site_name":"inCoimbra Startup Hub","article_published_time":"2026-03-12T16:14:25+00:00","article_modified_time":"2026-03-12T16:20:27+00:00","og_image":[{"width":400,"height":400,"url":"https:\/\/incoimbra.pt\/wp-content\/uploads\/2026\/03\/xpwvWADD_400x400.jpg","type":"image\/jpeg"}],"author":"Rui Castro","twitter_card":"summary_large_image","twitter_misc":{"Written by":"Rui Castro","Est. reading time":"2 minutes"},"schema":{"@context":"https:\/\/schema.org","@graph":[{"@type":"Article","@id":"https:\/\/incoimbra.pt\/protocolo-inovacao-coimbra-sevilha\/#article","isPartOf":{"@id":"https:\/\/incoimbra.pt\/protocolo-inovacao-coimbra-sevilha\/"},"author":{"name":"Rui Castro","@id":"https:\/\/incoimbra.pt\/#\/schema\/person\/ab5b5c60e93885d49c6daa45c7a4cd1d"},"headline":"Protocolo aproxima ecossistemas de inova\u00e7\u00e3o de Coimbra e Sevilha","datePublished":"2026-03-12T16:14:25+00:00","dateModified":"2026-03-12T16:20:27+00:00","mainEntityOfPage":{"@id":"https:\/\/incoimbra.pt\/protocolo-inovacao-coimbra-sevilha\/"},"wordCount":219,"publisher":{"@id":"https:\/\/incoimbra.pt\/#organization"},"image":{"@id":"https:\/\/incoimbra.pt\/protocolo-inovacao-coimbra-sevilha\/#primaryimage"},"thumbnailUrl":"https:\/\/incoimbra.pt\/wp-content\/uploads\/2026\/03\/xpwvWADD_400x400.jpg","articleSection":["Blog","Eventos","Not\u00edcias"],"inLanguage":"en-US"},{"@type":"WebPage","@id":"https:\/\/incoimbra.pt\/protocolo-inovacao-coimbra-sevilha\/","url":"https:\/\/incoimbra.pt\/protocolo-inovacao-coimbra-sevilha\/","name":"Protocolo liga ecossistemas de inova\u00e7\u00e3o de Coimbra e Sevilha | inCoimbra","isPartOf":{"@id":"https:\/\/incoimbra.pt\/#website"},"primaryImageOfPage":{"@id":"https:\/\/incoimbra.pt\/protocolo-inovacao-coimbra-sevilha\/#primaryimage"},"image":{"@id":"https:\/\/incoimbra.pt\/protocolo-inovacao-coimbra-sevilha\/#primaryimage"},"thumbnailUrl":"https:\/\/incoimbra.pt\/wp-content\/uploads\/2026\/03\/xpwvWADD_400x400.jpg","datePublished":"2026-03-12T16:14:25+00:00","dateModified":"2026-03-12T16:20:27+00:00","description":"A inCoimbra StartUp HUB e o Sevilla TechPark assinaram um protocolo para aproximar os ecossistemas de inova\u00e7\u00e3o de Coimbra e Sevilha e criar novas oportunidades para startups.","breadcrumb":{"@id":"https:\/\/incoimbra.pt\/protocolo-inovacao-coimbra-sevilha\/#breadcrumb"},"inLanguage":"en-US","potentialAction":[{"@type":"ReadAction","target":["https:\/\/incoimbra.pt\/protocolo-inovacao-coimbra-sevilha\/"]}]},{"@type":"ImageObject","inLanguage":"en-US","@id":"https:\/\/incoimbra.pt\/protocolo-inovacao-coimbra-sevilha\/#primaryimage","url":"https:\/\/incoimbra.pt\/wp-content\/uploads\/2026\/03\/xpwvWADD_400x400.jpg","contentUrl":"https:\/\/incoimbra.pt\/wp-content\/uploads\/2026\/03\/xpwvWADD_400x400.jpg","width":400,"height":400},{"@type":"BreadcrumbList","@id":"https:\/\/incoimbra.pt\/protocolo-inovacao-coimbra-sevilha\/#breadcrumb","itemListElement":[{"@type":"ListItem","position":1,"name":"In\u00edcio","item":"https:\/\/incoimbra.pt\/"},{"@type":"ListItem","position":2,"name":"Protocolo aproxima ecossistemas de inova\u00e7\u00e3o de Coimbra e Sevilha"}]},{"@type":"WebSite","@id":"https:\/\/incoimbra.pt\/#website","url":"https:\/\/incoimbra.pt\/","name":"inCoimbra","description":"Incubadora | Aceleradora | Cowork | Coworking | Coimbra","publisher":{"@id":"https:\/\/incoimbra.pt\/#organization"},"potentialAction":[{"@type":"SearchAction","target":{"@type":"EntryPoint","urlTemplate":"https:\/\/incoimbra.pt\/?s={search_term_string}"},"query-input":{"@type":"PropertyValueSpecification","valueRequired":true,"valueName":"search_term_string"}}],"inLanguage":"en-US"},{"@type":"Organization","@id":"https:\/\/incoimbra.pt\/#organization","name":"inCoimbra","url":"https:\/\/incoimbra.pt\/","logo":{"@type":"ImageObject","inLanguage":"en-US","@id":"https:\/\/incoimbra.pt\/#\/schema\/logo\/image\/","url":"https:\/\/incoimbra.pt\/wp-content\/uploads\/2024\/01\/logo-vert.png","contentUrl":"https:\/\/incoimbra.pt\/wp-content\/uploads\/2024\/01\/logo-vert.png","width":345,"height":250,"caption":"inCoimbra"},"image":{"@id":"https:\/\/incoimbra.pt\/#\/schema\/logo\/image\/"},"sameAs":["https:\/\/www.linkedin.com\/company\/incoimbra\/about\/"]},{"@type":"Person","@id":"https:\/\/incoimbra.pt\/#\/schema\/person\/ab5b5c60e93885d49c6daa45c7a4cd1d","name":"Rui Castro","url":"https:\/\/incoimbra.pt\/en\/author\/inruicastro\/"}]}},"_links":{"self":[{"href":"https:\/\/incoimbra.pt\/en\/wp-json\/wp\/v2\/posts\/691","targetHints":{"allow":["GET"]}}],"collection":[{"href":"https:\/\/incoimbra.pt\/en\/wp-json\/wp\/v2\/posts"}],"about":[{"href":"https:\/\/incoimbra.pt\/en\/wp-json\/wp\/v2\/types\/post"}],"author":[{"embeddable":true,"href":"https:\/\/incoimbra.pt\/en\/wp-json\/wp\/v2\/users\/2"}],"replies":[{"embeddable":true,"href":"https:\/\/incoimbra.pt\/en\/wp-json\/wp\/v2\/comments?post=691"}],"version-history":[{"count":3,"href":"https:\/\/incoimbra.pt\/en\/wp-json\/wp\/v2\/posts\/691\/revisions"}],"predecessor-version":[{"id":697,"href":"https:\/\/incoimbra.pt\/en\/wp-json\/wp\/v2\/posts\/691\/revisions\/697"}],"wp:featuredmedia":[{"embeddable":true,"href":"https:\/\/incoimbra.pt\/en\/wp-json\/wp\/v2\/media\/694"}],"wp:attachment":[{"href":"https:\/\/incoimbra.pt\/en\/wp-json\/wp\/v2\/media?parent=691"}],"wp:term":[{"taxonomy":"category","embeddable":true,"href":"https:\/\/incoimbra.pt\/en\/wp-json\/wp\/v2\/categories?post=691"},{"taxonomy":"post_tag","embeddable":true,"href":"https:\/\/incoimbra.pt\/en\/wp-json\/wp\/v2\/tags?post=691"}],"curies":[{"name":"wp","href":"https:\/\/api.w.org\/{rel}","templated":true}]}}