{"id":898,"date":"2026-09-02T19:48:11","date_gmt":"2026-09-02T19:48:11","guid":{"rendered":"https:\/\/incoimbra.pt\/?p=898"},"modified":"2026-09-02T19:49:58","modified_gmt":"2026-09-02T19:49:58","slug":"taras-circle-2026-abre-candidaturas-para-projetos-liderados-por-mulheres","status":"publish","type":"post","link":"https:\/\/incoimbra.pt\/en\/taras-circle-2026-abre-candidaturas-para-projetos-liderados-por-mulheres\/","title":{"rendered":"Tara\u2019s Circle 2026 abre candidaturas para projetos liderados por mulheres"},"content":{"rendered":"<p class=\"wp-block-paragraph\">Est\u00e3o abertas as <a href=\"https:\/\/forms.gle\/FpmK1mTMYdNDNJ8V9\">candidaturas<\/a> \u00e0 edi\u00e7\u00e3o de 2026 do <a href=\"https:\/\/www.taraforwomen.org\/open-call-bases-2026\">Tara\u2019s Circle<\/a>, um programa internacional de empreendedorismo dirigido a projetos liderados por mulheres com impacto social, ambiental e econ\u00f3mico.<\/p>\n\n\n\n<p class=\"wp-block-paragraph\">Nesta edi\u00e7\u00e3o, o programa assume um formato multissetorial e atribui um total de <strong>100.000\u20ac em pr\u00e9mios<\/strong>, distribu\u00eddos por cinco \u00e1reas tem\u00e1ticas. Em cada \u00e1rea ser\u00e3o selecionados tr\u00eas projetos vencedores, com pr\u00e9mios de <strong>10.000\u20ac para o 1.\u00ba lugar, 6.000\u20ac para o 2.\u00ba e 4.000\u20ac para o 3.\u00ba<\/strong>.<\/p>\n\n\n\n<p class=\"wp-block-paragraph\">As cinco \u00e1reas abrangidas s\u00e3o <strong>Sustentabilidade, Ambiente e Mobilidade; Sa\u00fade e Bem-Estar; Inova\u00e7\u00e3o Social, Educa\u00e7\u00e3o e Desenvolvimento Comunit\u00e1rio; Tecnologia e Ci\u00eancia; e Design, Cultura e Moda com Impacto<\/strong>.<\/p>\n\n\n\n<figure class=\"wp-block-image size-full\"><img loading=\"lazy\" decoding=\"async\" width=\"480\" height=\"270\" src=\"https:\/\/incoimbra.pt\/wp-content\/uploads\/2026\/09\/Tara-for-Women.webp\" alt=\"\" class=\"wp-image-900\" srcset=\"https:\/\/incoimbra.pt\/wp-content\/uploads\/2026\/09\/Tara-for-Women.webp 480w, https:\/\/incoimbra.pt\/wp-content\/uploads\/2026\/09\/Tara-for-Women-300x169.webp 300w, https:\/\/incoimbra.pt\/wp-content\/uploads\/2026\/09\/Tara-for-Women-18x10.webp 18w\" sizes=\"auto, (max-width: 480px) 100vw, 480px\" \/><\/figure>\n\n\n\n<p class=\"wp-block-paragraph\">A candidatura \u00e9 submetida online e inclui formul\u00e1rio, pitch deck em PDF, elevator pitch com dura\u00e7\u00e3o m\u00e1xima de dois minutos e eventual documenta\u00e7\u00e3o complementar solicitada pela organiza\u00e7\u00e3o.<\/p>\n\n\n\n<p class=\"wp-block-paragraph\">A avalia\u00e7\u00e3o ter\u00e1 em conta quatro dimens\u00f5es: impacto, capacidade de implementa\u00e7\u00e3o, qualidade global do projeto e adequa\u00e7\u00e3o \u00e0 \u00e1rea tem\u00e1tica escolhida. O processo inclui verifica\u00e7\u00e3o de elegibilidade, avalia\u00e7\u00e3o t\u00e9cnica, sele\u00e7\u00e3o de finalistas, apresenta\u00e7\u00e3o ao j\u00fari e escolha dos vencedores.<\/p>\n\n\n\n<p class=\"wp-block-paragraph\">As <a href=\"https:\/\/forms.gle\/FpmK1mTMYdNDNJ8V9\">candidaturas<\/a> decorrem at\u00e9 <strong>17 de setembro de 2026, \u00e0s 12h00 CEST<\/strong>. Os 15 finalistas ser\u00e3o contactados a <strong>14 de outubro<\/strong>, e a gala <a href=\"https:\/\/www.taraforwomen.org\/open-call-bases-2026\">Tara\u2019s Circle Awards 2026<\/a> est\u00e1 marcada para <strong>18 de novembro<\/strong>.<\/p>\n\n\n\n<p class=\"wp-block-paragraph\">Para mulheres empreendedoras com projetos em fase inicial e ambi\u00e7\u00e3o de gerar impacto, esta \u00e9 uma oportunidade de acesso a financiamento, mentoria, visibilidade internacional e uma rede global de parceiros.<\/p>","protected":false},"excerpt":{"rendered":"<p>Est\u00e3o abertas as candidaturas \u00e0 edi\u00e7\u00e3o de 2026 do Tara\u2019s Circle, um programa internacional de empreendedorismo dirigido a projetos liderados por mulheres com impacto social, ambiental e econ\u00f3mico. Nesta edi\u00e7\u00e3o, o programa assume um formato multissetorial e atribui um total de 100.000\u20ac em pr\u00e9mios, distribu\u00eddos por cinco \u00e1reas tem\u00e1ticas. Em cada \u00e1rea ser\u00e3o selecionados tr\u00eas [&hellip;]<\/p>\n","protected":false},"author":2,"featured_media":901,"comment_status":"closed","ping_status":"closed","sticky":false,"template":"","format":"standard","meta":{"_acf_changed":false,"footnotes":""},"categories":[3],"tags":[],"class_list":["post-898","post","type-post","status-publish","format-standard","has-post-thumbnail","hentry","category-noticias"],"acf":[],"yoast_head":"<!-- This site is optimized with the Yoast SEO plugin v28.1 - https:\/\/yoast.com\/product\/yoast-seo-wordpress\/ -->\n<title>Tara\u2019s Circle 2026 abre candidaturas com 100.000\u20ac em pr\u00e9mios<\/title>\n<meta name=\"description\" content=\"O Tara\u2019s Circle 2026 abriu candidaturas para projetos liderados por mulheres, com 100.000\u20ac em pr\u00e9mios distribu\u00eddos por cinco \u00e1reas de impacto.\" \/>\n<meta name=\"robots\" content=\"index, follow, max-snippet:-1, max-image-preview:large, max-video-preview:-1\" \/>\n<link rel=\"canonical\" href=\"https:\/\/incoimbra.pt\/en\/taras-circle-2026-abre-candidaturas-para-projetos-liderados-por-mulheres\/\" \/>\n<meta property=\"og:locale\" content=\"en_US\" \/>\n<meta property=\"og:type\" content=\"article\" \/>\n<meta property=\"og:title\" content=\"Tara\u2019s Circle 2026 abre candidaturas com 100.000\u20ac em pr\u00e9mios\" \/>\n<meta property=\"og:description\" content=\"O Tara\u2019s Circle 2026 abriu candidaturas para projetos liderados por mulheres, com 100.000\u20ac em pr\u00e9mios distribu\u00eddos por cinco \u00e1reas de impacto.\" \/>\n<meta property=\"og:url\" content=\"https:\/\/incoimbra.pt\/en\/taras-circle-2026-abre-candidaturas-para-projetos-liderados-por-mulheres\/\" \/>\n<meta property=\"og:site_name\" content=\"inCoimbra Startup Hub\" \/>\n<meta property=\"article:published_time\" content=\"2026-09-02T19:48:11+00:00\" \/>\n<meta property=\"article:modified_time\" content=\"2026-09-02T19:49:58+00:00\" \/>\n<meta property=\"og:image\" content=\"https:\/\/incoimbra.pt\/wp-content\/uploads\/2026\/09\/static1.squarespace.webp\" \/>\n\t<meta property=\"og:image:width\" content=\"1000\" \/>\n\t<meta property=\"og:image:height\" content=\"453\" \/>\n\t<meta property=\"og:image:type\" content=\"image\/webp\" \/>\n<meta name=\"author\" content=\"Rui Castro\" \/>\n<meta name=\"twitter:card\" content=\"summary_large_image\" \/>\n<meta name=\"twitter:label1\" content=\"Written by\" \/>\n\t<meta name=\"twitter:data1\" content=\"Rui Castro\" \/>\n\t<meta name=\"twitter:label2\" content=\"Est. reading time\" \/>\n\t<meta name=\"twitter:data2\" content=\"2 minutes\" \/>\n<script type=\"application\/ld+json\" class=\"yoast-schema-graph\">{\"@context\":\"https:\\\/\\\/schema.org\",\"@graph\":[{\"@type\":\"Article\",\"@id\":\"https:\\\/\\\/incoimbra.pt\\\/taras-circle-2026-abre-candidaturas-para-projetos-liderados-por-mulheres\\\/#article\",\"isPartOf\":{\"@id\":\"https:\\\/\\\/incoimbra.pt\\\/taras-circle-2026-abre-candidaturas-para-projetos-liderados-por-mulheres\\\/\"},\"author\":{\"name\":\"Rui Castro\",\"@id\":\"https:\\\/\\\/incoimbra.pt\\\/#\\\/schema\\\/person\\\/ab5b5c60e93885d49c6daa45c7a4cd1d\"},\"headline\":\"Tara\u2019s Circle 2026 abre candidaturas para projetos liderados por mulheres\",\"datePublished\":\"2026-09-02T19:48:11+00:00\",\"dateModified\":\"2026-09-02T19:49:58+00:00\",\"mainEntityOfPage\":{\"@id\":\"https:\\\/\\\/incoimbra.pt\\\/taras-circle-2026-abre-candidaturas-para-projetos-liderados-por-mulheres\\\/\"},\"wordCount\":260,\"publisher\":{\"@id\":\"https:\\\/\\\/incoimbra.pt\\\/#organization\"},\"image\":{\"@id\":\"https:\\\/\\\/incoimbra.pt\\\/taras-circle-2026-abre-candidaturas-para-projetos-liderados-por-mulheres\\\/#primaryimage\"},\"thumbnailUrl\":\"https:\\\/\\\/incoimbra.pt\\\/wp-content\\\/uploads\\\/2026\\\/09\\\/static1.squarespace.webp\",\"articleSection\":[\"Not\u00edcias\"],\"inLanguage\":\"en-US\"},{\"@type\":\"WebPage\",\"@id\":\"https:\\\/\\\/incoimbra.pt\\\/taras-circle-2026-abre-candidaturas-para-projetos-liderados-por-mulheres\\\/\",\"url\":\"https:\\\/\\\/incoimbra.pt\\\/taras-circle-2026-abre-candidaturas-para-projetos-liderados-por-mulheres\\\/\",\"name\":\"Tara\u2019s Circle 2026 abre candidaturas com 100.000\u20ac em pr\u00e9mios\",\"isPartOf\":{\"@id\":\"https:\\\/\\\/incoimbra.pt\\\/#website\"},\"primaryImageOfPage\":{\"@id\":\"https:\\\/\\\/incoimbra.pt\\\/taras-circle-2026-abre-candidaturas-para-projetos-liderados-por-mulheres\\\/#primaryimage\"},\"image\":{\"@id\":\"https:\\\/\\\/incoimbra.pt\\\/taras-circle-2026-abre-candidaturas-para-projetos-liderados-por-mulheres\\\/#primaryimage\"},\"thumbnailUrl\":\"https:\\\/\\\/incoimbra.pt\\\/wp-content\\\/uploads\\\/2026\\\/09\\\/static1.squarespace.webp\",\"datePublished\":\"2026-09-02T19:48:11+00:00\",\"dateModified\":\"2026-09-02T19:49:58+00:00\",\"description\":\"O Tara\u2019s Circle 2026 abriu candidaturas para projetos liderados por mulheres, com 100.000\u20ac em pr\u00e9mios distribu\u00eddos por cinco \u00e1reas de impacto.\",\"breadcrumb\":{\"@id\":\"https:\\\/\\\/incoimbra.pt\\\/taras-circle-2026-abre-candidaturas-para-projetos-liderados-por-mulheres\\\/#breadcrumb\"},\"inLanguage\":\"en-US\",\"potentialAction\":[{\"@type\":\"ReadAction\",\"target\":[\"https:\\\/\\\/incoimbra.pt\\\/taras-circle-2026-abre-candidaturas-para-projetos-liderados-por-mulheres\\\/\"]}]},{\"@type\":\"ImageObject\",\"inLanguage\":\"en-US\",\"@id\":\"https:\\\/\\\/incoimbra.pt\\\/taras-circle-2026-abre-candidaturas-para-projetos-liderados-por-mulheres\\\/#primaryimage\",\"url\":\"https:\\\/\\\/incoimbra.pt\\\/wp-content\\\/uploads\\\/2026\\\/09\\\/static1.squarespace.webp\",\"contentUrl\":\"https:\\\/\\\/incoimbra.pt\\\/wp-content\\\/uploads\\\/2026\\\/09\\\/static1.squarespace.webp\",\"width\":1000,\"height\":453},{\"@type\":\"BreadcrumbList\",\"@id\":\"https:\\\/\\\/incoimbra.pt\\\/taras-circle-2026-abre-candidaturas-para-projetos-liderados-por-mulheres\\\/#breadcrumb\",\"itemListElement\":[{\"@type\":\"ListItem\",\"position\":1,\"name\":\"In\u00edcio\",\"item\":\"https:\\\/\\\/incoimbra.pt\\\/\"},{\"@type\":\"ListItem\",\"position\":2,\"name\":\"Tara\u2019s Circle 2026 abre candidaturas para projetos liderados por mulheres\"}]},{\"@type\":\"WebSite\",\"@id\":\"https:\\\/\\\/incoimbra.pt\\\/#website\",\"url\":\"https:\\\/\\\/incoimbra.pt\\\/\",\"name\":\"inCoimbra\",\"description\":\"Incubadora | Aceleradora | Cowork | Coworking | Coimbra\",\"publisher\":{\"@id\":\"https:\\\/\\\/incoimbra.pt\\\/#organization\"},\"potentialAction\":[{\"@type\":\"SearchAction\",\"target\":{\"@type\":\"EntryPoint\",\"urlTemplate\":\"https:\\\/\\\/incoimbra.pt\\\/?s={search_term_string}\"},\"query-input\":{\"@type\":\"PropertyValueSpecification\",\"valueRequired\":true,\"valueName\":\"search_term_string\"}}],\"inLanguage\":\"en-US\"},{\"@type\":\"Organization\",\"@id\":\"https:\\\/\\\/incoimbra.pt\\\/#organization\",\"name\":\"inCoimbra\",\"url\":\"https:\\\/\\\/incoimbra.pt\\\/\",\"logo\":{\"@type\":\"ImageObject\",\"inLanguage\":\"en-US\",\"@id\":\"https:\\\/\\\/incoimbra.pt\\\/#\\\/schema\\\/logo\\\/image\\\/\",\"url\":\"https:\\\/\\\/incoimbra.pt\\\/wp-content\\\/uploads\\\/2024\\\/01\\\/logo-vert.png\",\"contentUrl\":\"https:\\\/\\\/incoimbra.pt\\\/wp-content\\\/uploads\\\/2024\\\/01\\\/logo-vert.png\",\"width\":345,\"height\":250,\"caption\":\"inCoimbra\"},\"image\":{\"@id\":\"https:\\\/\\\/incoimbra.pt\\\/#\\\/schema\\\/logo\\\/image\\\/\"},\"sameAs\":[\"https:\\\/\\\/www.linkedin.com\\\/company\\\/incoimbra\\\/about\\\/\"]},{\"@type\":\"Person\",\"@id\":\"https:\\\/\\\/incoimbra.pt\\\/#\\\/schema\\\/person\\\/ab5b5c60e93885d49c6daa45c7a4cd1d\",\"name\":\"Rui Castro\",\"url\":\"https:\\\/\\\/incoimbra.pt\\\/en\\\/author\\\/inruicastro\\\/\"}]}<\/script>\n<!-- \/ Yoast SEO plugin. -->","yoast_head_json":{"title":"Tara\u2019s Circle 2026 abre candidaturas com 100.000\u20ac em pr\u00e9mios","description":"O Tara\u2019s Circle 2026 abriu candidaturas para projetos liderados por mulheres, com 100.000\u20ac em pr\u00e9mios distribu\u00eddos por cinco \u00e1reas de impacto.","robots":{"index":"index","follow":"follow","max-snippet":"max-snippet:-1","max-image-preview":"max-image-preview:large","max-video-preview":"max-video-preview:-1"},"canonical":"https:\/\/incoimbra.pt\/en\/taras-circle-2026-abre-candidaturas-para-projetos-liderados-por-mulheres\/","og_locale":"en_US","og_type":"article","og_title":"Tara\u2019s Circle 2026 abre candidaturas com 100.000\u20ac em pr\u00e9mios","og_description":"O Tara\u2019s Circle 2026 abriu candidaturas para projetos liderados por mulheres, com 100.000\u20ac em pr\u00e9mios distribu\u00eddos por cinco \u00e1reas de impacto.","og_url":"https:\/\/incoimbra.pt\/en\/taras-circle-2026-abre-candidaturas-para-projetos-liderados-por-mulheres\/","og_site_name":"inCoimbra Startup Hub","article_published_time":"2026-09-02T19:48:11+00:00","article_modified_time":"2026-09-02T19:49:58+00:00","og_image":[{"width":1000,"height":453,"url":"https:\/\/incoimbra.pt\/wp-content\/uploads\/2026\/09\/static1.squarespace.webp","type":"image\/webp"}],"author":"Rui Castro","twitter_card":"summary_large_image","twitter_misc":{"Written by":"Rui Castro","Est. reading time":"2 minutes"},"schema":{"@context":"https:\/\/schema.org","@graph":[{"@type":"Article","@id":"https:\/\/incoimbra.pt\/taras-circle-2026-abre-candidaturas-para-projetos-liderados-por-mulheres\/#article","isPartOf":{"@id":"https:\/\/incoimbra.pt\/taras-circle-2026-abre-candidaturas-para-projetos-liderados-por-mulheres\/"},"author":{"name":"Rui Castro","@id":"https:\/\/incoimbra.pt\/#\/schema\/person\/ab5b5c60e93885d49c6daa45c7a4cd1d"},"headline":"Tara\u2019s Circle 2026 abre candidaturas para projetos liderados por mulheres","datePublished":"2026-09-02T19:48:11+00:00","dateModified":"2026-09-02T19:49:58+00:00","mainEntityOfPage":{"@id":"https:\/\/incoimbra.pt\/taras-circle-2026-abre-candidaturas-para-projetos-liderados-por-mulheres\/"},"wordCount":260,"publisher":{"@id":"https:\/\/incoimbra.pt\/#organization"},"image":{"@id":"https:\/\/incoimbra.pt\/taras-circle-2026-abre-candidaturas-para-projetos-liderados-por-mulheres\/#primaryimage"},"thumbnailUrl":"https:\/\/incoimbra.pt\/wp-content\/uploads\/2026\/09\/static1.squarespace.webp","articleSection":["Not\u00edcias"],"inLanguage":"en-US"},{"@type":"WebPage","@id":"https:\/\/incoimbra.pt\/taras-circle-2026-abre-candidaturas-para-projetos-liderados-por-mulheres\/","url":"https:\/\/incoimbra.pt\/taras-circle-2026-abre-candidaturas-para-projetos-liderados-por-mulheres\/","name":"Tara\u2019s Circle 2026 abre candidaturas com 100.000\u20ac em pr\u00e9mios","isPartOf":{"@id":"https:\/\/incoimbra.pt\/#website"},"primaryImageOfPage":{"@id":"https:\/\/incoimbra.pt\/taras-circle-2026-abre-candidaturas-para-projetos-liderados-por-mulheres\/#primaryimage"},"image":{"@id":"https:\/\/incoimbra.pt\/taras-circle-2026-abre-candidaturas-para-projetos-liderados-por-mulheres\/#primaryimage"},"thumbnailUrl":"https:\/\/incoimbra.pt\/wp-content\/uploads\/2026\/09\/static1.squarespace.webp","datePublished":"2026-09-02T19:48:11+00:00","dateModified":"2026-09-02T19:49:58+00:00","description":"O Tara\u2019s Circle 2026 abriu candidaturas para projetos liderados por mulheres, com 100.000\u20ac em pr\u00e9mios distribu\u00eddos por cinco \u00e1reas de impacto.","breadcrumb":{"@id":"https:\/\/incoimbra.pt\/taras-circle-2026-abre-candidaturas-para-projetos-liderados-por-mulheres\/#breadcrumb"},"inLanguage":"en-US","potentialAction":[{"@type":"ReadAction","target":["https:\/\/incoimbra.pt\/taras-circle-2026-abre-candidaturas-para-projetos-liderados-por-mulheres\/"]}]},{"@type":"ImageObject","inLanguage":"en-US","@id":"https:\/\/incoimbra.pt\/taras-circle-2026-abre-candidaturas-para-projetos-liderados-por-mulheres\/#primaryimage","url":"https:\/\/incoimbra.pt\/wp-content\/uploads\/2026\/09\/static1.squarespace.webp","contentUrl":"https:\/\/incoimbra.pt\/wp-content\/uploads\/2026\/09\/static1.squarespace.webp","width":1000,"height":453},{"@type":"BreadcrumbList","@id":"https:\/\/incoimbra.pt\/taras-circle-2026-abre-candidaturas-para-projetos-liderados-por-mulheres\/#breadcrumb","itemListElement":[{"@type":"ListItem","position":1,"name":"In\u00edcio","item":"https:\/\/incoimbra.pt\/"},{"@type":"ListItem","position":2,"name":"Tara\u2019s Circle 2026 abre candidaturas para projetos liderados por mulheres"}]},{"@type":"WebSite","@id":"https:\/\/incoimbra.pt\/#website","url":"https:\/\/incoimbra.pt\/","name":"inCoimbra","description":"Incubadora | Aceleradora | Cowork | Coworking | Coimbra","publisher":{"@id":"https:\/\/incoimbra.pt\/#organization"},"potentialAction":[{"@type":"SearchAction","target":{"@type":"EntryPoint","urlTemplate":"https:\/\/incoimbra.pt\/?s={search_term_string}"},"query-input":{"@type":"PropertyValueSpecification","valueRequired":true,"valueName":"search_term_string"}}],"inLanguage":"en-US"},{"@type":"Organization","@id":"https:\/\/incoimbra.pt\/#organization","name":"inCoimbra","url":"https:\/\/incoimbra.pt\/","logo":{"@type":"ImageObject","inLanguage":"en-US","@id":"https:\/\/incoimbra.pt\/#\/schema\/logo\/image\/","url":"https:\/\/incoimbra.pt\/wp-content\/uploads\/2024\/01\/logo-vert.png","contentUrl":"https:\/\/incoimbra.pt\/wp-content\/uploads\/2024\/01\/logo-vert.png","width":345,"height":250,"caption":"inCoimbra"},"image":{"@id":"https:\/\/incoimbra.pt\/#\/schema\/logo\/image\/"},"sameAs":["https:\/\/www.linkedin.com\/company\/incoimbra\/about\/"]},{"@type":"Person","@id":"https:\/\/incoimbra.pt\/#\/schema\/person\/ab5b5c60e93885d49c6daa45c7a4cd1d","name":"Rui Castro","url":"https:\/\/incoimbra.pt\/en\/author\/inruicastro\/"}]}},"_links":{"self":[{"href":"https:\/\/incoimbra.pt\/en\/wp-json\/wp\/v2\/posts\/898","targetHints":{"allow":["GET"]}}],"collection":[{"href":"https:\/\/incoimbra.pt\/en\/wp-json\/wp\/v2\/posts"}],"about":[{"href":"https:\/\/incoimbra.pt\/en\/wp-json\/wp\/v2\/types\/post"}],"author":[{"embeddable":true,"href":"https:\/\/incoimbra.pt\/en\/wp-json\/wp\/v2\/users\/2"}],"replies":[{"embeddable":true,"href":"https:\/\/incoimbra.pt\/en\/wp-json\/wp\/v2\/comments?post=898"}],"version-history":[{"count":2,"href":"https:\/\/incoimbra.pt\/en\/wp-json\/wp\/v2\/posts\/898\/revisions"}],"predecessor-version":[{"id":904,"href":"https:\/\/incoimbra.pt\/en\/wp-json\/wp\/v2\/posts\/898\/revisions\/904"}],"wp:featuredmedia":[{"embeddable":true,"href":"https:\/\/incoimbra.pt\/en\/wp-json\/wp\/v2\/media\/901"}],"wp:attachment":[{"href":"https:\/\/incoimbra.pt\/en\/wp-json\/wp\/v2\/media?parent=898"}],"wp:term":[{"taxonomy":"category","embeddable":true,"href":"https:\/\/incoimbra.pt\/en\/wp-json\/wp\/v2\/categories?post=898"},{"taxonomy":"post_tag","embeddable":true,"href":"https:\/\/incoimbra.pt\/en\/wp-json\/wp\/v2\/tags?post=898"}],"curies":[{"name":"wp","href":"https:\/\/api.w.org\/{rel}","templated":true}]}}